{"id":14,"date":"2009-11-01T23:22:45","date_gmt":"2009-11-01T22:22:45","guid":{"rendered":"http:\/\/gw3.xn--allesfralle-yhb.de\/?p=14"},"modified":"2009-11-02T01:41:33","modified_gmt":"2009-11-02T00:41:33","slug":"gw3-plenum-und-termine-vom-27-oktober-2009","status":"publish","type":"post","link":"http:\/\/gw3.xn--allesfralle-yhb.de\/?p=14","title":{"rendered":"GW3 Plenum und Termine vom 27. Oktober 2009"},"content":{"rendered":"<p><strong>Hallo liebe GW3-Widerst\u00e4ndler_Innen!!<\/strong><\/p>\n<p>Hier mal ganz kurz zusammengefasst, was heute auf dem Plenum besprochen wurde und wie die weitere Planung aussieht. Wir haben uns auf folgende gemeinsame Forderung geeinigt:<\/p>\n<p>Das GW3 und die angrenzende Wiese bleiben in ihrem jetzigen Zustand und werden nicht anger\u00fchrt!<\/p>\n<p>Und nun der weitere Schlachtplan:<br \/>\n<strong><br \/>\nVOK\u00dc-AG<\/strong>: (die n\u00e4chste soll am Di, 3.11.09 stattfinden)<br \/>\nEinkaufen: \u00a0\u00a0\u00a0 am Montag davor, 11h<br \/>\nSchnippeln:\u00a0\u00a0 \u00a0Dienstag, ab 8h<br \/>\nKochen:\u00a0\u00a0 \u00a0\u00a0\u00a0 \u00a0Dienstag, ab 10h<br \/>\n<strong><br \/>\nMOBI-AG<\/strong><br \/>\n(geplant sind Veranstaltungs-Planung, Flyer, Plakate, langer Flugi-Text, Website, Blog,&#8230;.) &#8211;&gt; hier sind unbedingt noch mehr Leute n\u00f6tig!!!!!!!!!<br \/>\nn\u00e4chstes Treffen Donnerstag, 5.11.09, 12h,<br \/>\n<strong><br \/>\nBAU-AG<\/strong><br \/>\n-will des GW3 winterfest machen und spricht sich \u00fcber die Email-Liste ab. Also, einfach vorbeikommen und schauen, was l\u00e4uft<\/p>\n<p>n\u00e4chstes <strong>GRO\u00dfES PLENUM DIENSTAG, 3.11.09, 13h !!!!! <\/strong>(nach der Vok\u00fc)<\/p>\n<p>Alle AG-Termine sind offen und jede und jeder, der Zeit und Lust findet, kann vorbeikommen!!!<\/p>\n<p>Treffpunkt ist nat\u00fcrlich immer das gute GW3!!!!!!<\/p>\n<p>Liebe Gr\u00fc\u00dfe!!!!<\/p>\n","protected":false},"excerpt":{"rendered":"<p>Hallo liebe GW3-Widerst\u00e4ndler_Innen!! Hier mal ganz kurz zusammengefasst, was heute auf dem Plenum besprochen wurde und wie die weitere Planung aussieht. Wir haben uns auf folgende gemeinsame Forderung geeinigt: Das GW3 und die angrenzende Wiese bleiben in ihrem jetzigen Zustand und werden nicht anger\u00fchrt! Und nun der weitere Schlachtplan: VOK\u00dc-AG: (die n\u00e4chste soll am Di, [&hellip;]<\/p>\n","protected":false},"author":1,"featured_media":0,"comment_status":"open","ping_status":"open","sticky":false,"template":"","format":"standard","meta":[],"categories":[1,8],"tags":[],"_links":{"self":[{"href":"http:\/\/gw3.xn--allesfralle-yhb.de\/index.php?rest_route=\/wp\/v2\/posts\/14"}],"collection":[{"href":"http:\/\/gw3.xn--allesfralle-yhb.de\/index.php?rest_route=\/wp\/v2\/posts"}],"about":[{"href":"http:\/\/gw3.xn--allesfralle-yhb.de\/index.php?rest_route=\/wp\/v2\/types\/post"}],"author":[{"embeddable":true,"href":"http:\/\/gw3.xn--allesfralle-yhb.de\/index.php?rest_route=\/wp\/v2\/users\/1"}],"replies":[{"embeddable":true,"href":"http:\/\/gw3.xn--allesfralle-yhb.de\/index.php?rest_route=%2Fwp%2Fv2%2Fcomments&post=14"}],"version-history":[{"count":6,"href":"http:\/\/gw3.xn--allesfralle-yhb.de\/index.php?rest_route=\/wp\/v2\/posts\/14\/revisions"}],"predecessor-version":[{"id":40,"href":"http:\/\/gw3.xn--allesfralle-yhb.de\/index.php?rest_route=\/wp\/v2\/posts\/14\/revisions\/40"}],"wp:attachment":[{"href":"http:\/\/gw3.xn--allesfralle-yhb.de\/index.php?rest_route=%2Fwp%2Fv2%2Fmedia&parent=14"}],"wp:term":[{"taxonomy":"category","embeddable":true,"href":"http:\/\/gw3.xn--allesfralle-yhb.de\/index.php?rest_route=%2Fwp%2Fv2%2Fcategories&post=14"},{"taxonomy":"post_tag","embeddable":true,"href":"http:\/\/gw3.xn--allesfralle-yhb.de\/index.php?rest_route=%2Fwp%2Fv2%2Ftags&post=14"}],"curies":[{"name":"wp","href":"https:\/\/api.w.org\/{rel}","templated":true}]}}