{"id":174,"date":"2010-01-06T18:32:56","date_gmt":"2010-01-06T17:32:56","guid":{"rendered":"http:\/\/gw3.xn--allesfralle-yhb.de\/?p=174"},"modified":"2010-01-06T18:35:19","modified_gmt":"2010-01-06T17:35:19","slug":"dat-gw3-baut-neu","status":"publish","type":"post","link":"http:\/\/gw3.xn--allesfralle-yhb.de\/?p=174","title":{"rendered":"dat GW3 baut neu"},"content":{"rendered":"<p>Nach nun etwas l\u00e4ngerer Funkstille wollen wir alle, die es interessiert, \u00fcber den bisherigen Verlauf und den aktuellen Stand der Verhandlungen um die Zukunft des GW3s aufkl\u00e4ren. <strong>Aber das beste schon mal vorne weg:<br \/>\nWir haben gewonnen- wenn auch ein bisschen anders, als wir uns das anfangs gedacht hatten&#8230;<\/strong><\/p>\n<p>Am Anfang des Semesters lie\u00df das Baudezernat verlauten, dass das Gw3 bis zum 02.11.09 verschwinden m\u00fcsse, da es den Bauarbeiten des neu entstehenden &#8222;Campus-Parks&#8220; im Weg stehe. Ein wenig naiv von der Unileitung war sicherlich anzunehmen, dass dies ohne weiteren Konflikt von statten gehen w\u00fcrde: erh\u00f6hte Aktivit\u00e4ten im und um das GW3 herum, eine w\u00f6chentliche Vok\u00fc, ein regelm\u00e4\u00dfiges Plenum, ein Beschluss des Studierendenrates und die vielerorts gut sichtbar artikulierte Forderung &#8222;GW3 bleibt!&#8220; waren die ersten Reaktionen von studentischer Seite. Und ganz pl\u00f6tzlich sah sich die Unileitung unter dem wachsenden Druck gezwungen, doch \u00fcber die Zukunft des GW3s zu verhandeln, anstatt diese f\u00fcr sich zu beschlie\u00dfen und dann nur noch das Ergebnis &#8222;nach unten&#8220; zu kommandieren.<br \/>\nDem folgten mehrere Gespr\u00e4che mit Vertreter_innen des Baudezernats, der Unileitung und der Gw3-Initiative, genauso wie nicht wenige kontroverse interne Diskussion um das weitere Vorgehen im GW3-Plenum selbst.<\/p>\n<p>Ohne jetzt mit dem gesamten Prozess zu langweilen hier das vor wenigen Tagen von der Unileitung best\u00e4tigte Endergebnis dieser Verhandlungsgespr\u00e4che:<br \/>\n<strong>Das GW3 bleibt nicht in der Form erhalten, wie es heute noch steht. Als Entgegenkommen der GW3-Initiative haben wir uns bereiterkl\u00e4rt, den alten Standort zu verlassen und nur einige Meter entfernt ein neues, gr\u00f6\u00dferes und sowieso viel cooleres GW? zu bauen.<\/strong> Und da es nie unser Wunsch war, das alte Haus aufzugeben, sondern wir damit der Unileitung einen ziemlich gro\u00dfen Gefallen tun, sollen und werden diese auch f\u00fcr den entstehenden \u00c4rger und die Kosten aufkommen.<\/p>\n<p><strong>Konkret bedeutet das:<\/strong><br \/>\n1. Das neue ist wie das alte GW3 selbstverwalteter Freiraum, d.h. das GW3-Plenum, und nur das, entscheidet \u00fcber das, was am und mit dem GW3 passiert. <strong>Weder die Unileitung noch irgendeine andere Stelle hat Einfluss auf Gestaltung, Programm, Inhalt oder irgendeinen anderen Aspekt dieser H\u00fctte.<\/strong><br \/>\n2. Die GW3-Initiative erh\u00e4lt <strong>5000 Euro<\/strong> zur Verf\u00fcgung, um daraus alle entstehenden Kosten des Neubaus begleichen zu k\u00f6nnen. \u00dcber die Mittelverf\u00fcgung entscheidet allein das GW3-Plenum, die Uni verwaltet dieses Geld f\u00fcr 5 Jahre um auch sp\u00e4ter anfallende Kosten daraus decken zu k\u00f6nnen.<br \/>\n3. Da die Unileitung aus versichrungstechnischen Gr\u00fcnden an einer h\u00f6heren Stabilit\u00e4t des Hauses interessiert ist, wird sie \u00fcber die 5000 Euro hinaus f\u00fcr ein <strong>ca. 35m2 gro\u00dfes Fundament f\u00fcr den Neubau <\/strong>aufkommen.<br \/>\n4. Das GW3 r\u00e4umt den alten Platz und zieht etwa 50m weiter in Richtung Mensa\/Pr\u00fcfungsamt, sodass die Baupl\u00e4ne des Campusparkes uneingeschr\u00e4nkt umgesetzt werden k\u00f6nnen.<br \/>\n5. Das neue GW3 wird mit einer <strong>eigenen Stromversorgung<\/strong> ausgestattet. Die Uni ist f\u00fcr die Begeichung der Stromrechnung von bis zu 50 Euro monatlich verantwortlich.<br \/>\n6. An die Stelle des alten GW3s wird eine <strong>Gedenkplakette<\/strong> in Erinnerung an die Geschichte dieses Hauses angebracht.<\/p>\n<p>So weit, so gut &#8211; jetzt m\u00fcssen praktische Schritte folgen.<\/p>\n<p><strong>Am DIENSTAG, den 12.01.2010 wird ein gro\u00dfes GW3-Plenum zur Planung der Zukunft des GW3s stattfinden.<br \/>\nTREFFPUNKT: 13:00Uhr, Konferenzraum auf der AStA-Etage (Glashalle, 3.Stock)<\/strong><\/p>\n<p><strong>Themen:<\/strong><\/p>\n<p>-aktueller Stand<br \/>\n-Umzugsvorbereitung<br \/>\n-Bauplanung<br \/>\n-Mobilisierung<br \/>\n-VoK\u00fc<\/p>\n<p><em><strong>kommt alle zahlreich und seid Teil der Wiederauferstehung des GW3s! <\/strong><\/em><\/p>\n<p>Es werden alle eure Anregungen, Ideen und Vorschl\u00e4ge gebraucht. Auch wer bisher nicht am alten GW3 beteiligt war, ist herzlich willkommen, mit einzusteigen!<\/p>\n","protected":false},"excerpt":{"rendered":"<p>Nach nun etwas l\u00e4ngerer Funkstille wollen wir alle, die es interessiert, \u00fcber den bisherigen Verlauf und den aktuellen Stand der Verhandlungen um die Zukunft des GW3s aufkl\u00e4ren. Aber das beste schon mal vorne weg: Wir haben gewonnen- wenn auch ein bisschen anders, als wir uns das anfangs gedacht hatten&#8230; Am Anfang des Semesters lie\u00df das [&hellip;]<\/p>\n","protected":false},"author":1,"featured_media":0,"comment_status":"open","ping_status":"open","sticky":false,"template":"","format":"standard","meta":[],"categories":[1],"tags":[],"_links":{"self":[{"href":"http:\/\/gw3.xn--allesfralle-yhb.de\/index.php?rest_route=\/wp\/v2\/posts\/174"}],"collection":[{"href":"http:\/\/gw3.xn--allesfralle-yhb.de\/index.php?rest_route=\/wp\/v2\/posts"}],"about":[{"href":"http:\/\/gw3.xn--allesfralle-yhb.de\/index.php?rest_route=\/wp\/v2\/types\/post"}],"author":[{"embeddable":true,"href":"http:\/\/gw3.xn--allesfralle-yhb.de\/index.php?rest_route=\/wp\/v2\/users\/1"}],"replies":[{"embeddable":true,"href":"http:\/\/gw3.xn--allesfralle-yhb.de\/index.php?rest_route=%2Fwp%2Fv2%2Fcomments&post=174"}],"version-history":[{"count":4,"href":"http:\/\/gw3.xn--allesfralle-yhb.de\/index.php?rest_route=\/wp\/v2\/posts\/174\/revisions"}],"predecessor-version":[{"id":178,"href":"http:\/\/gw3.xn--allesfralle-yhb.de\/index.php?rest_route=\/wp\/v2\/posts\/174\/revisions\/178"}],"wp:attachment":[{"href":"http:\/\/gw3.xn--allesfralle-yhb.de\/index.php?rest_route=%2Fwp%2Fv2%2Fmedia&parent=174"}],"wp:term":[{"taxonomy":"category","embeddable":true,"href":"http:\/\/gw3.xn--allesfralle-yhb.de\/index.php?rest_route=%2Fwp%2Fv2%2Fcategories&post=174"},{"taxonomy":"post_tag","embeddable":true,"href":"http:\/\/gw3.xn--allesfralle-yhb.de\/index.php?rest_route=%2Fwp%2Fv2%2Ftags&post=174"}],"curies":[{"name":"wp","href":"https:\/\/api.w.org\/{rel}","templated":true}]}}