{"id":179,"date":"2010-01-12T21:35:19","date_gmt":"2010-01-12T20:35:19","guid":{"rendered":"http:\/\/gw3.xn--allesfralle-yhb.de\/?p=179"},"modified":"2010-01-13T01:49:19","modified_gmt":"2010-01-13T00:49:19","slug":"stasivz-auf-spitzeltour","status":"publish","type":"post","link":"http:\/\/gw3.xn--allesfralle-yhb.de\/?p=179","title":{"rendered":"stasiVZ auf spitzeltour"},"content":{"rendered":"<p>xxx&#8230;\u00a0 schrieb am 28.11.2009 um 23:43 Uhr<br \/>\nHallo<br \/>\nIch bin selbst mehr oder weniger Teil der Bildungsproteste und bin definitiv kein Freund von der Art und Weise wie von den GW3-Leuten versucht wird, den Bildungsstreik f\u00fcr ihre Zwecke zu instrumentalisieren (deswegen auch der Gruppenbeitritt). Ich w\u00fcrde daher gern 2 Dinge los werden:<\/p>\n<p>1. Sind die Schmierereien in keinster Weise mit der Gruppe der Bildungsstreikenden gleichzusetzen. Der Streit \u00fcber die so genannten \u201efreien Meinungs\u00e4u\u00dferungen\u201c hat leider bereits zahlreiche Aktive dazu bewegt, nicht mehr am Bildungsstreik teilzunehmen. Fakt ist dass von der GESAMTEN Gruppe beschlossen wurde, Forderungen auf Plakate und Transparente zu malen, die man auf- und abh\u00e4ngen kann. Nachdem die bunten Bildchen dann nachts entstanden sind und es \u00c4rger mit der Polizei und dem Sicherheitsdienst gab, verlangten die GW3ler Solidarit\u00e4t von der gesamten Gruppe, da ja nicht AUSDR\u00dcCKLICH dar\u00fcber abgestimmt worden w\u00e4re, dass Graffitis NICHT erlaubt seien. Die Bildungsstreikenden distanzieren sich aber weiterhin von diesen zweifelhaften \u201eKunstwerken\u201c.<\/p>\n<p>2. Wie das Beispiel zeigt, wird es immer schwerer sich in dem Plenum durchzusetzen, da von Konsensentscheidungen schon lange keine Rede mehr sein kein. Vielmehr wird versucht, durch Mobbing und festen Zusammenhalt der GW3ler, den gesamten Streik an sich zu rei\u00dfen. Was ihnen Freitag nun auch zum ersten Mal wirklich gelungen ist. Ich bin der Meinung wir m\u00fcssen etwas ver\u00e4ndern. Sehe jedoch die WIRKLICHEN Probleme fernab vom GW3. Daher bitte ich um Mithilfe und Unterst\u00fctzung von eurer Seite \ud83d\ude09<\/p>\n<p>Danke f\u00fcrs Zuh\u00f6ren <\/p>\n<p>xyz\u00a0 schrieb am 29.11.2009 um 00:14 Uhr<br \/>\nKaum jemand hat etwas gegen die Streik. Ich auch nicht. Im Gegenteil. Aber die Parolen und Aktionen der GW3`ler gehen mir auf den Keks.<\/p>\n<p>Der AStA hat eine Legitimit\u00e4t von unter 6 Prozent. Die GW3`ler wollen aber f\u00fcr alle sprechen. Das muss endlich mal ein Ende haben. St\u00e4ndig durchsetzen diese Idioten sowas und versuchen gem\u00e4\u00dfigte Aktionen zu infiltrieren und zu instrumentalisieren.<\/p>\n<p>Die Studierendenschaft sollte endlich mal f\u00fcr Ordnung sorgen. Der AStA und seine Getreuen m\u00fcssen gest\u00fcrzt und durch ein demokratisches, gem\u00e4\u00dfigtes Gremium ersetzt werden, das uns vertritt und nicht die Antifa und solche Gruppen.<br \/>\nAn anderen Unis geht das auch. Warum nicht in Bremen?<\/p>\n<p>Das ist meine Meinung dazu. Mich kotzt der Mangel an Pragmatismus und Konstruktivit\u00e4t an. Daran muss gearbeitet werden&#8230; <\/p>\n<p>xfb schrieb am 29.11.2009 um 14:07 Uhr<br \/>\nIch w\u00fcrde auch sagen, man sollte die GW3 Aktion streng von dem &#8222;Bildungsstreik&#8220; trennen! Die GW3 Aktion sorgt ja lediglich daf\u00fcr, dass es hunderttausende Aufkleber \u00fcberall gibt, und das st\u00f6rt mich am meisten.<\/p>\n<p>Die VoK\u00fc z. B. finde ich eine gute Initiative, aber wenn man sich deren Manifest mal durchliest unter gw3.allesf\u00fcralle.de dann sind da Punkte, wo ich einfach nur den Kopf sch\u00fctteln kann. So zum Beispiel die Erhaltung der Landschaft an der Stelle, so wie sie jetzt ist. &#8222;[&#8230;] die umliegende Wiese im jetzigen Zustand zu belassen.&#8220; Da finde ich einen neu angelegten Park (wenn es sich denn um Rasenfl\u00e4chen o.\u00e4. handelt) doch wesentlich besser, als die vermatschte Wiese.<\/p>\n<p>xxd schrieb am 02.12.2009 um 23:04 Uhr<br \/>\nhey die gruppe ist mittlerweile so on fire !<br \/>\nwell done xyz..<br \/>\nhabe langsam angst das die hippies hier nen sp\u00e4her reinschicken und das alle gruppen mitglieder an der uni mit m\u00fcsli beworfen werden..<br \/>\nalso aufpassen ist angesagt. <\/p>\n<p>ok es wird noch besser, die n\u00e4chsten beitr\u00e4ge stammen aus einem forum-thread mit dem titel &#8222;synonyme&#8220;<br \/>\nxxx\u00a0 schrieb am 28.11.2009 um 17:47 Uhr<br \/>\n\u00dcbertreiber, Leute denen veganes Essen in der Mensa und eine dumme Holzh\u00fctte wichtiger sind, als eine grundlegende Reform des Systems (falsche Priorit\u00e4ten und wenn man veganes Essen will, dann kann man sich direkt an die Mensa wenden), oft Kinder reicher Eltern mit Revolutionsphantasien, Sachbesch\u00e4digende, Aktive (allerdings mit den falschen Aktivit\u00e4ten), Krawallmacher, Leute die ein schlechtes Licht auf die Studierenden werfen, die Konzepte und L\u00f6sungen im Kopf haben bzw. verhandeln wollen.<\/p>\n<p>Leute die Erstsemester in das GW3 locken und versuchen, sie mit linken Parolen zu impfen. Leute die \u00fcbertrieben Basiskonsensdebatten f\u00fchren und dann ohne Konsens die Uni verunstalten&#8230; <\/p>\n<p>xxx schrieb am 30.11.2009 um 14:41 Uhr<br \/>\n&#8222;Politikunf\u00e4hige&#8220; trifft den Nagel ja sowas von auf den Kopf&#8230;.Pseudolinke, die einfach nur n Image kreieren wollen um wer zu sein, und nicht merken, wie l\u00e4cherlich sie sich damit machen&#8230;.Ohhh man, man m\u00fcsste ein anderes Plenum er\u00f6ffnen mit dem Rest 90 % der Leute, die das auch durchschaut haben!!!!!<\/p>\n<p>xyz\u00a0 schrieb am 30.11.2009 um 21:59 Uhr<br \/>\nRaum-Diebe-f\u00fcr-eine-mir-wichtige-Vorlesung-die-deshalb-ausgefallen-ist. <\/p>\n<p>abbruchsfantasien&#8230;<\/p>\n<p>xyz schrieb am 02.12.2009 um 23:18 Uhr<br \/>\nwie w\u00e4re es, wenn ich mit meinem k\u00e4fer in die H\u00fctte fahre? neue Sto\u00dfstange w\u00fcrde mich 100euro kosten ^^ <\/p>\n<p>xyz schrieb am 03.12.2009 um 01:23 Uhr<br \/>\nDamit w\u00fcrden wir uns auf die Randalierebene bestimmter Personenkreise begeben und w\u00e4ren nicht besser als sie. Also dagegen<\/p>\n<p>zxy schrieb am 04.12.2009 um 15:59 Uhr<br \/>\nvor meinem geistigen auge sind auch schon panzer \u00fcber die h\u00fctte gedonnert, wie gl\u00fccklich die gw3 w\u00fcrste wohl w\u00e4ren, wenn man ihnen so ihr weltbild best\u00e4tigen w\u00fcrde.. <\/p>\n<p>xzy schrieb am 07.12.2009 um 16:41 Uhr<br \/>\nGibt es eventuell irgendeine Methode diese Protestierenden aus dem GW2 zu entfernen?<br \/>\nDenn &#8222;langsam&#8220; fangen die an mich richtig zu nerven, sie propagieren uns alle zu vertreten und f\u00fcr &#8222;unsere&#8220; Rechte zu k\u00e4mpfen, das will ich grunds\u00e4tzlich nicht bestreiten, aber ich kann die Art und Weise mit der diese Menschen vorgehen nicht im Geringsten akzeptieren. Sie besetzen unsere R\u00e4ume, sodass bereits bei einigen Komilitonen\/-innen mehrere Seminare ersatzlos ausgefallen sind, sie nehmen in Wirklichkeit nur R\u00fccksicht auf ihre eigenen Interessen und denken nicht einmal daran, dass ihre Vorgehensweise weitaus mehr zerst\u00f6rt als verbessert, keiner dieser Komilitonen\/-innen denkt auch nur im Geringsten daran dass das Entfernen ihrer Parolen an den W\u00e4nden Unsummen an Geld verschlingen wird.<br \/>\nBeispielhaft daf\u00fcr f\u00fchre ich an dieser Stelle die Verunstaltung (und das ist sehr milde ausgedr\u00fcckt) von Teilen des GW2 an: \u00fcberall die Parolen an die W\u00e4nde geschmiert, Plakate an den T\u00fcren usw&#8230; an einer frisch gestrichenen Aussenwand des GW1 befindet sich folgende Parole: &#8222;Freie Bildung, Wichser!&#8220;, wenn Kritik ausgedr\u00fcckt wird kann sich diese dann nicht auch an ein gewisses Niveau halten?<br \/>\nZusammengefasst in juristischem Wortgut belaufen sich die &#8222;Ausbr\u00fcche&#8220; der Protestierenden auf Sachbesch\u00e4digung (in vielfacher Weise!), Hausfriedensbruch (Hausrecht, das was die Administration nicht durchsetzt -.- ) und Verst\u00f6\u00dfe gegen Versammlungsrecht und Brandschutzverordnungen (nehmt mich bei diesem juristischen Inhalt nicht beim Wort, Genanntes dient lediglich der exemplarischen Darstellung und erhebt keinen Anspruch auf juristische Korrektheit).<br \/>\nEs ist mir g\u00e4nzlich unverst\u00e4ndlich wieso unsere Administration (jene die in der Universit\u00e4t das Hausrecht aus\u00fcben K\u00d6NNTEN) eine solche Geiselnahme und nahezu terroristische Aktion unserer (noch) Komilitionen\/-innen zul\u00e4sst und dagegen nicht vorgeht und eventuell sogar mit diesen Terroristen verhandelt &#8211; ja, ich nenne die Protestierenden Terroristen, ihre Geiseln sind Ordnung und Vernunft.<br \/>\nIch weiss selbst nicht recht in welche Kategorie ich diese Gedanken einordnen soll, ich hoffe dass einige Komilitonen\/-innen genauso oder \u00e4hnlich wie ich denken.<\/p>\n<p>Mich \u00fcberkommt mehr und mehr ein Gef\u00fchl der Ohnmacht nichts gegen diese Terroristen unternehmen zu k\u00f6nnen, denn w\u00fcrden wir etwas unternehmen beg\u00e4ben wir uns auf dasselbe niedrige (oder gar nicht mehr vorhandene) Niveau &#8230; <\/p>\n","protected":false},"excerpt":{"rendered":"<p>xxx&#8230;\u00a0 schrieb am 28.11.2009 um 23:43 Uhr Hallo Ich bin selbst mehr oder weniger Teil der Bildungsproteste und bin definitiv kein Freund von der Art und Weise wie von den GW3-Leuten versucht wird, den Bildungsstreik f\u00fcr ihre Zwecke zu instrumentalisieren (deswegen auch der Gruppenbeitritt). Ich w\u00fcrde daher gern 2 Dinge los werden: 1. Sind die [&hellip;]<\/p>\n","protected":false},"author":1,"featured_media":0,"comment_status":"open","ping_status":"open","sticky":false,"template":"","format":"standard","meta":[],"categories":[1],"tags":[],"_links":{"self":[{"href":"http:\/\/gw3.xn--allesfralle-yhb.de\/index.php?rest_route=\/wp\/v2\/posts\/179"}],"collection":[{"href":"http:\/\/gw3.xn--allesfralle-yhb.de\/index.php?rest_route=\/wp\/v2\/posts"}],"about":[{"href":"http:\/\/gw3.xn--allesfralle-yhb.de\/index.php?rest_route=\/wp\/v2\/types\/post"}],"author":[{"embeddable":true,"href":"http:\/\/gw3.xn--allesfralle-yhb.de\/index.php?rest_route=\/wp\/v2\/users\/1"}],"replies":[{"embeddable":true,"href":"http:\/\/gw3.xn--allesfralle-yhb.de\/index.php?rest_route=%2Fwp%2Fv2%2Fcomments&post=179"}],"version-history":[{"count":2,"href":"http:\/\/gw3.xn--allesfralle-yhb.de\/index.php?rest_route=\/wp\/v2\/posts\/179\/revisions"}],"predecessor-version":[{"id":181,"href":"http:\/\/gw3.xn--allesfralle-yhb.de\/index.php?rest_route=\/wp\/v2\/posts\/179\/revisions\/181"}],"wp:attachment":[{"href":"http:\/\/gw3.xn--allesfralle-yhb.de\/index.php?rest_route=%2Fwp%2Fv2%2Fmedia&parent=179"}],"wp:term":[{"taxonomy":"category","embeddable":true,"href":"http:\/\/gw3.xn--allesfralle-yhb.de\/index.php?rest_route=%2Fwp%2Fv2%2Fcategories&post=179"},{"taxonomy":"post_tag","embeddable":true,"href":"http:\/\/gw3.xn--allesfralle-yhb.de\/index.php?rest_route=%2Fwp%2Fv2%2Ftags&post=179"}],"curies":[{"name":"wp","href":"https:\/\/api.w.org\/{rel}","templated":true}]}}