{"id":201,"date":"2010-03-01T13:31:23","date_gmt":"2010-03-01T12:31:23","guid":{"rendered":"http:\/\/gw3.xn--allesfralle-yhb.de\/?p=201"},"modified":"2010-03-01T13:31:23","modified_gmt":"2010-03-01T12:31:23","slug":"treffen-der-voku-ag-vom-25-02","status":"publish","type":"post","link":"http:\/\/gw3.xn--allesfralle-yhb.de\/?p=201","title":{"rendered":"Treffen der VoK\u00fc-AG vom 25.02."},"content":{"rendered":"<p>Hey liebe GW3-Aktive und alle die es waren und werden wollen,<\/p>\n<p>Wir waren uns, beim Treffen der VoK\u00fc-AG am vergangenen Donnerstag, einig, dass es auch im n\u00e4chsten Semester wieder eine regelm\u00e4\u00dfige Volxk\u00fcche am GW3 geben soll. Los geht&#8217;s sp\u00e4testens sobald die neue H\u00fctte steht. Vielleicht schaffen wir ja auch schon das eine oder andere mal die Bauarbeiten zu bekochen. <\/p>\n<p>Es w\u00e4re cool, wenn wir es schaffen w\u00fcrden uns mindestens einmal im Monat zu einem gro\u00dfen VoK\u00fc-Plenum zu treffen, bei dem wir alles aktuell Anliegende besprechen k\u00f6nnen. Der erste Termin der uns f\u00fcr ein solches Treffen vorschwebte ist der <strong>14.04. um 18 Uhr im Konferenzraum des AStA<\/strong>. Hier wollen wir unter anderem folgendes zur Diskussion stellen:<\/p>\n<p><strong>1. Verleih von VoK\u00fc-Equipment an andere Gruppen:<\/strong><\/p>\n<p>&#8211; die GW3 VoK\u00fc am GW3 (oder Ersatzort) geht immer vor<\/p>\n<p>&#8211; <em>Interner-Verleih<\/em> (also die GW3 VoK\u00fc-Menschen kochen an einem anderen Ort):<br \/>\nDie GW3 VoK\u00fc-Kohle (sowohl Auslagen wie Einnahmen) bleibt bei der GW3 VoK\u00fc-Kasse. Ausnahmen k\u00f6nne z.B. ein Soli-Kochen sein, bei dem nur die Auslagen wieder in die Kasse kommen und der Rest gespendet wird. Das m\u00fcssen wir aber unter uns von Fall zu Fall kl\u00e4ren.<\/p>\n<p>&#8211; <em>Externer-Verleih<\/em> (also an Leute, die nicht in der VoK\u00fc-Gruppe sind, aber die aus unser Perspektive &#8222;coole&#8220; Sachen machen und sich mit dem GW3-Selbstverst\u00e4ndnis identifizieren k\u00f6nnen):<br \/>\na) bekommen Kochsachen, aber kein Geld aus der Kasse.<br \/>\nb) geben mindestens eine Spende f\u00fcr&#8217;s Gas (falls es ausgeliehen wird).<br \/>\nc) bekommen die Kochsachen nur f\u00fcr VoK\u00fc&#8217;s, nicht f\u00fcr privates Kochen.<br \/>\nd) m\u00fcssen mindestens vegetarisch kochen (kein Fleisch, kein Fisch etc.).<br \/>\ne) alle Sachen m\u00fcssen wieder sauber und heile zur\u00fcckkommen.<br \/>\nf) kaputte oder verloren gegangene Sachen m\u00fcssen selbstverst\u00e4ndlich ersetzt werden<br \/>\ng) wir ben\u00f6tigen einen festen Kontakt (Name, E-mail, Telefonnummer o.\u00e4.)<\/p>\n<p>&#8211; Wir wollen eine Inventarliste erstellen und eine Benutzungsanleitung f\u00fcr bestimmte Sachen schreiben. Daraus soll dann auch ein Ausleihformular entstehen.<\/p>\n<p><strong>2. Wir w\u00fcrden im n\u00e4chsten Semester gerne etwas kreativer und vielseitiger kochen.<\/strong><br \/>\nAuch dazu haben wir uns schon ein paar Gedanken gemacht, die wir gerne beim Treffen mit euch besprechen wollen. Die Frage ist auch wie und wo wir Essen und Getr\u00e4nke herbekommen.<\/p>\n<p>Im Moment suchen wir (nachdem der letzte auch nicht-zu-kl\u00e4rende-weise verschwunden ist) nach einem neuen gro\u00dfen Topf. Wenn irgendwer eine Ahnung hat wo wir den herbekommen k\u00f6nnten, immer her mit den Infos!<\/p>\n<p>Kommt also Zahlreich zum n\u00e4chsten Treffen.<br \/>\n<strong>14.04. um 18 Uhr im Konferenzraum des AStA!<\/strong><br \/>\nOhne Mampf keinen Kampf!!!<\/p>\n","protected":false},"excerpt":{"rendered":"<p>Hey liebe GW3-Aktive und alle die es waren und werden wollen, Wir waren uns, beim Treffen der VoK\u00fc-AG am vergangenen Donnerstag, einig, dass es auch im n\u00e4chsten Semester wieder eine regelm\u00e4\u00dfige Volxk\u00fcche am GW3 geben soll. Los geht&#8217;s sp\u00e4testens sobald die neue H\u00fctte steht. Vielleicht schaffen wir ja auch schon das eine oder andere mal [&hellip;]<\/p>\n","protected":false},"author":1,"featured_media":0,"comment_status":"open","ping_status":"open","sticky":false,"template":"","format":"standard","meta":[],"categories":[1],"tags":[],"_links":{"self":[{"href":"http:\/\/gw3.xn--allesfralle-yhb.de\/index.php?rest_route=\/wp\/v2\/posts\/201"}],"collection":[{"href":"http:\/\/gw3.xn--allesfralle-yhb.de\/index.php?rest_route=\/wp\/v2\/posts"}],"about":[{"href":"http:\/\/gw3.xn--allesfralle-yhb.de\/index.php?rest_route=\/wp\/v2\/types\/post"}],"author":[{"embeddable":true,"href":"http:\/\/gw3.xn--allesfralle-yhb.de\/index.php?rest_route=\/wp\/v2\/users\/1"}],"replies":[{"embeddable":true,"href":"http:\/\/gw3.xn--allesfralle-yhb.de\/index.php?rest_route=%2Fwp%2Fv2%2Fcomments&post=201"}],"version-history":[{"count":3,"href":"http:\/\/gw3.xn--allesfralle-yhb.de\/index.php?rest_route=\/wp\/v2\/posts\/201\/revisions"}],"predecessor-version":[{"id":204,"href":"http:\/\/gw3.xn--allesfralle-yhb.de\/index.php?rest_route=\/wp\/v2\/posts\/201\/revisions\/204"}],"wp:attachment":[{"href":"http:\/\/gw3.xn--allesfralle-yhb.de\/index.php?rest_route=%2Fwp%2Fv2%2Fmedia&parent=201"}],"wp:term":[{"taxonomy":"category","embeddable":true,"href":"http:\/\/gw3.xn--allesfralle-yhb.de\/index.php?rest_route=%2Fwp%2Fv2%2Fcategories&post=201"},{"taxonomy":"post_tag","embeddable":true,"href":"http:\/\/gw3.xn--allesfralle-yhb.de\/index.php?rest_route=%2Fwp%2Fv2%2Ftags&post=201"}],"curies":[{"name":"wp","href":"https:\/\/api.w.org\/{rel}","templated":true}]}}