{"id":22,"date":"2009-11-02T01:04:49","date_gmt":"2009-11-02T00:04:49","guid":{"rendered":"http:\/\/gw3.xn--allesfralle-yhb.de\/?p=22"},"modified":"2009-11-02T01:26:04","modified_gmt":"2009-11-02T00:26:04","slug":"sr-resolution-vom-22-10-09","status":"publish","type":"post","link":"http:\/\/gw3.xn--allesfralle-yhb.de\/?p=22","title":{"rendered":"SR-Resolution vom 22.10.09"},"content":{"rendered":"<p>Bremen, den 22.10.2009<\/p>\n<p>Zur Beschlussvorlage an den Studierendenrat (SR) der Universit\u00e4t Bremen:<\/p>\n<p><strong>&#8222;GW3 bleibt!&#8220;<\/strong><\/p>\n<p>Im Zuge der Bauarbeiten f\u00fcr den entstehenden &#8222;Campuspark&#8220; sollen am Mensasee Sitztreppenstufen entstehen. Da der gesamte Bereich der Liegewiese zwischen Bahngleisen und Mensasee zur einer Baustelle werden wird, wurden die Nutzer_innen des studentisch verwalteten Freiraums GW3 von Vertreter_innen des  Baudezernates (Dezernat 4) aufgefordert bis zum 02.11.2009 den Platz zu r\u00e4umen.<\/p>\n<p>Das GW3 ist der letzte sich in rein studentischer Selbstverwaltung befindende Raum der Universit\u00e4t, der allen Studierenden offen steht und die M\u00f6glichkeit bietet Aktivit\u00e4ten den eigenen Vorstellungen entsprechend zu realisieren. Der Studierendenrat h\u00e4lt die Existenz eines solchen Freiraums f\u00fcr unabdingbar. Die Forderung nach einem &#8222;Umzug&#8220; in dieser K\u00fcrze ist unzumutbar. Seitens des Baudezernates wurden weder M\u00f6glichkeiten zur \u00dcbergangs-, noch zu l\u00e4ngerfristigen Perspektive eines Fortbestehen des GW3s aufgezeigt.<\/p>\n<p><strong>Deshalb fordert der SR<\/strong><\/p>\n<p>&#8211; erstens den AStA auf, sich aktiv und uneingeschr\u00e4nkt f\u00fcr den Erhalt des GW3 und der angrenzenden Liegewiese an Ort und Stelle einzusetzen.<\/p>\n<p>&#8211; zweitens den Akademischen Senat (AS) auf, sich dieser Beschlussvorlage anzuschlie\u00dfen und seinerseits f\u00fcr den Erhalt des GW3 einzutreten.<\/p>\n<p>&#8211; drittens die Unileitung, das Baudezernat, das Land und sonstige Verantwortliche f\u00fcr das Bauvorhaben auf, uneingeschr\u00e4nkte und ehrlich gemeinte Verhandlungsbereitschaft mit den Betroffenen zu signalisieren und mit diesen in eine Dialog zu treten.<\/p>\n<p>So schlie\u00dft sich der SR uneingeschr\u00e4nkt der Forderung der Nutzer_innen des GW3s an:<\/p>\n<p><strong>&#8222;Das GW3 bleibt &#8211; Freir\u00e4ume statt Campuspark!&#8220;<\/strong><\/p>\n","protected":false},"excerpt":{"rendered":"<p>Bremen, den 22.10.2009 Zur Beschlussvorlage an den Studierendenrat (SR) der Universit\u00e4t Bremen: &#8222;GW3 bleibt!&#8220; Im Zuge der Bauarbeiten f\u00fcr den entstehenden &#8222;Campuspark&#8220; sollen am Mensasee Sitztreppenstufen entstehen. Da der gesamte Bereich der Liegewiese zwischen Bahngleisen und Mensasee zur einer Baustelle werden wird, wurden die Nutzer_innen des studentisch verwalteten Freiraums GW3 von Vertreter_innen des Baudezernates (Dezernat [&hellip;]<\/p>\n","protected":false},"author":1,"featured_media":0,"comment_status":"open","ping_status":"open","sticky":false,"template":"","format":"standard","meta":[],"categories":[5],"tags":[],"_links":{"self":[{"href":"http:\/\/gw3.xn--allesfralle-yhb.de\/index.php?rest_route=\/wp\/v2\/posts\/22"}],"collection":[{"href":"http:\/\/gw3.xn--allesfralle-yhb.de\/index.php?rest_route=\/wp\/v2\/posts"}],"about":[{"href":"http:\/\/gw3.xn--allesfralle-yhb.de\/index.php?rest_route=\/wp\/v2\/types\/post"}],"author":[{"embeddable":true,"href":"http:\/\/gw3.xn--allesfralle-yhb.de\/index.php?rest_route=\/wp\/v2\/users\/1"}],"replies":[{"embeddable":true,"href":"http:\/\/gw3.xn--allesfralle-yhb.de\/index.php?rest_route=%2Fwp%2Fv2%2Fcomments&post=22"}],"version-history":[{"count":8,"href":"http:\/\/gw3.xn--allesfralle-yhb.de\/index.php?rest_route=\/wp\/v2\/posts\/22\/revisions"}],"predecessor-version":[{"id":30,"href":"http:\/\/gw3.xn--allesfralle-yhb.de\/index.php?rest_route=\/wp\/v2\/posts\/22\/revisions\/30"}],"wp:attachment":[{"href":"http:\/\/gw3.xn--allesfralle-yhb.de\/index.php?rest_route=%2Fwp%2Fv2%2Fmedia&parent=22"}],"wp:term":[{"taxonomy":"category","embeddable":true,"href":"http:\/\/gw3.xn--allesfralle-yhb.de\/index.php?rest_route=%2Fwp%2Fv2%2Fcategories&post=22"},{"taxonomy":"post_tag","embeddable":true,"href":"http:\/\/gw3.xn--allesfralle-yhb.de\/index.php?rest_route=%2Fwp%2Fv2%2Ftags&post=22"}],"curies":[{"name":"wp","href":"https:\/\/api.w.org\/{rel}","templated":true}]}}