{"id":224,"date":"2010-04-22T15:14:41","date_gmt":"2010-04-22T14:14:41","guid":{"rendered":"http:\/\/gw3.xn--allesfralle-yhb.de\/?p=224"},"modified":"2010-04-22T15:14:41","modified_gmt":"2010-04-22T14:14:41","slug":"ergebnisse-und-wie-es-weitergeht","status":"publish","type":"post","link":"http:\/\/gw3.xn--allesfralle-yhb.de\/?p=224","title":{"rendered":"Ergebnisse-und wie es weitergeht!"},"content":{"rendered":"<p>GW3-Plenum 22.04.2010<\/p>\n<p>1.Terminfindung:<\/p>\n<p>Wir haben uns auf einen neuen REGELM\u00c4\u00dfIGEN Termin geeinigt. Es ist zu schwierig, wechselnde Termine vern\u00fcnftig nach<br \/>\nnach au\u00dfen zu kommunizieren-die meisten von uns sind selbst verwirrt davon.<\/p>\n<p>Der neue Vorschlag lautet: Mittwochs um 14:00 Uhr, mit hoffentlich VoK\u00fc ab ca. 12:00Uhr und gilt ab n\u00e4chster Woche.<\/p>\n<p>Nat\u00fcrlich kann der Termin noch diskutiert werden&#8230;es soll ja letztendlich jedem, der sich ins GW3 einbringen<br \/>\nm\u00f6chte m\u00f6glich sein, auch am Plenum teilzunehmen, da das ja der wichtigste koordinierungspunkt ist.<br \/>\nEs ist echt frustrierend, dass es so schwierig ist, einen Termin zu finden. Aber es wird ja auch sicherlich<br \/>\nnicht der absolute Termin f\u00fcr alle Zeiten sein&#8230;vielleicht wird in ein paar Monaten, sp\u00e4testens wohlm\u00f6glich nach<br \/>\nSemesterende aber vielleicht auch eher, sowieso ein neuer Termin beschlossen.<\/p>\n<p>2. Anfrage an Vok\u00fc-AG:<\/p>\n<p>Es gab eine Anfrage von einer Demo-Vok\u00fc-Gruppe, die f\u00fcr die Mayday-Demo am 29.04. kochen wird, ob sie den Kocher<br \/>\nder GW3-Vok\u00fc ausleihen k\u00f6nnen. Es wurde ihnen zugesagt. Am Mittwoch mittag vor dem n\u00e4chsten GW3-Plenum steht der<br \/>\nKocher der GW3-Vok\u00fc zur verf\u00fcgung und kann dann nachmittags von der Demo-Gruppe abgeholt werden.<\/p>\n<p>3. Die aktuelle Lage:<\/p>\n<p>Die Verhandlung gestern (21.04.) hat ergeben, dass eine R\u00fccksprache von Ohrlock mit dem Kanzler zu folgenden<br \/>\nAnsagen seinerseits (des Kanzlers) gef\u00fchrt hat:<\/p>\n<p>-die GESAMTfl\u00e4che des GW3 soll nicht mehr als 35m\u00b2 betragen, d.h. eine Dachterasse, die ja die Nutzfl\u00e4che erh\u00f6hen<br \/>\nw\u00fcrde (wenn auch nicht die Grundfl\u00e4che) wird nicht toleriert<\/p>\n<p>-ein zweites Geschoss kommt nicht in Frage<\/p>\n<p>-es wird ein Punktfundament geben<\/p>\n<p>-Sch\u00e4fer soll die Pr\u00fcfung der Statik \u00fcbernehmen\/in Auftrag geben<\/p>\n<p>Es waren nur Herr Sch\u00e4fer und Frau Stephanie Hoffmann (aus dem Baudezernat) anwesend. T.Hoffman und Ohrlock hatten<br \/>\nsich aus pers\u00f6nlichen Gr\u00fcnden entschuldigen lassen.<br \/>\nDie \u00dcberbringer_innen der Verk\u00fcndigung des Kanzlers, welche s\u00e4mtliche vorherige Verhandlungen mit einem Schlag f\u00fcr null<br \/>\nund nichtig erkl\u00e4ren, waren laut eigener Aussage nicht in der Lage, die Gr\u00fcnde f\u00fcr diese pl\u00f6tzliche Absage an alle<br \/>\nm\u00fchsam erarbeiteten Kompromisse nachzuvollziehen oder darzulegen. Ebensowenig konnten sie es sich erkl\u00e4ren, warum<br \/>\nder Kanzler all diese diskrepanten \u00c4u\u00dferungen nicht in einer der vergangenen Verhandlungen PERS\u00d6NLICH \u00fcberbracht<br \/>\nhat und rieten uns, dass wir uns doch selbst an K\u00fcck direkt wenden sollten.<\/p>\n<p>Wir teilten den beiden Anwesenden Bauderzenat-Vertretern mit, dass wir uns vollkommen verarscht vorkommen und<br \/>\nkeinesfalls bereit sind, noch weiter von unserer Position abzur\u00fccken als wir es eh schon getan haben. Der<br \/>\nKompromiss aus der Verhandlung am 15.04.2010 (kein zweiter Stock aber eine begehbare Dachterasse und ein Streifen-<br \/>\nfundament) ist das Maximum an entgegenkommen, was wir noch aufbringen k\u00f6nnen, ohne uns selbst l\u00e4cherlich zu machen<br \/>\nund den Sinn des GW3 komplett obsolet zu machen indem wir uns immer mehr g\u00e4ngeln und zurechtweisen lassen.<br \/>\nDas GW3 ist selbstorganisiert und wird so gebaut, wie die beteiligten es planen und nicht so, wie es der Unileitung<br \/>\nam Besten gef\u00e4llt.<\/p>\n<p>Wir wurden stets hingehalten, da tats\u00e4chliche Entscheidungstr\u00e4ger sich nicht dazu bequemen konnten, selbst zu den<br \/>\nVerhandlungen aufzutauchen, im Nachhinnein aber alles was ausgehandelt wurde mit einem Wort f\u00fcr ung\u00fcltig erkl\u00e4ren.<\/p>\n<p>So kann es nicht laufen.<\/p>\n<p>In der Konsequenz sind wir heute mit ein paar Leuten im B\u00fcro des Kanzlers aufgetaucht und haben ihm klar mitgeteilt<br \/>\ndass wir uns in groben Ma\u00dfe ver\u00e4ppelt vorkommen.<br \/>\nLustigerweise lieferte uns der Kanzler kurz vorher f\u00fcr diese bereits gestern geplante Besuchsaktion in Form eines<br \/>\nFaxes noch eine Art Einladung. In dem Schreiben hei\u00dft es, dass wir uns nicht so beschweren sollten, denn es w\u00e4ren<br \/>\nuns ja so viele Sachen zugestanden worden, und die Ansagen entspr\u00e4chen doch den Abmachungen vom Dezember. Faktisch<br \/>\nist das jedoch Bl\u00f6dsinn, denn diese &#8222;Machtwort&#8220; -Ansage, die er uns durch Mittelsmenschen mitteilen liess, wieder-<br \/>\nsprechen allen bisherigen Vereinbarungen.<br \/>\nBei unserem kleine Besuch im Kanzlerb\u00fcro heute wiederholte K\u00fcck die Behauptung, er w\u00fcrde sich doch an alle<br \/>\nAbmachungen halten, wof\u00fcr er heftige Widerrede erntete. Letztendlich schob er dann zwischen den Zeilen seinen<br \/>\nVertreter_innen (also Hoffmann und Ohrlock und Sch\u00e4fer) die Schuld in die Schuhe, indem er behauptete, sie h\u00e4tten<br \/>\nihm die Verhandlungsergebnisse dann wohl &#8222;anders dargestellt&#8220; als wir sie erlebt haben. Das ist ziemlich feige und<br \/>\nunfair.<\/p>\n<p>Es gibt einige Punkte, die wir strategisch klar kriegen m\u00fcssen: Wof\u00fcr brauchen wir die Uni? (Wir k\u00f6nnen ein GW3<br \/>\ndurchaus ohne deren Geld und Hilfe auf die Beine stellen&#8230;) und Inwiefern bringt und ein weiterer Versuch zur<br \/>\nKooperation noch Vorteile f\u00fcr unser Ziel, endlich wieder einen selbstorganisierten, unabh\u00e4ngigen Freiraum zu haben,<br \/>\nder mit Programm gef\u00fcllt werden kann?<\/p>\n<p>Die Ansage an den Kanzler heute war eindeutig: Entweder, er geht auf den Kompromiss vom 15.04. ein, oder es besteht<br \/>\nkeine weitere Verhandlungsgrundlage f\u00fcr uns. Die Entscheidung, ob K\u00fcck mit unserem Minimalkonsens leben kann oder<br \/>\nnicht, teilt er uns n\u00e4chste Woche <strong>Mittwoch (28.04.) um 15:00Uhr<\/strong> mit (er wird also auf unser Plenum kommen).<br \/>\nWir sollten uns darauf vorbereiten, dass er sich weiterhin gegen uns stellt und schon einmal beginnen, zu planen<br \/>\nwie wir dann eben ohne die Uni unser GW3 bauen.<\/p>\n<p>\u00dcbrigens gibt es einen Audio-Mitschnitt von dem Gespr\u00e4ch im Kanzlerb\u00fcro heute.<\/p>\n<p>Soweit der Stand.<\/p>\n<p><strong>N\u00e4chstes Plenum ist nun also am n\u00e4chsten Mittwoch, 28.04.2010 um 14:00 Uhr im Konferenzraum. <\/strong><br \/>\nVielleicht schafft die Vok\u00fc Gruppe es ja, f\u00fcr 12:00 Uhr was zu kochen&#8230;falls ja, wird das auf jeden Fall noch<br \/>\nmitgeteilt werden.<\/p>\n","protected":false},"excerpt":{"rendered":"<p>GW3-Plenum 22.04.2010 1.Terminfindung: Wir haben uns auf einen neuen REGELM\u00c4\u00dfIGEN Termin geeinigt. Es ist zu schwierig, wechselnde Termine vern\u00fcnftig nach nach au\u00dfen zu kommunizieren-die meisten von uns sind selbst verwirrt davon. Der neue Vorschlag lautet: Mittwochs um 14:00 Uhr, mit hoffentlich VoK\u00fc ab ca. 12:00Uhr und gilt ab n\u00e4chster Woche. Nat\u00fcrlich kann der Termin noch [&hellip;]<\/p>\n","protected":false},"author":3,"featured_media":0,"comment_status":"open","ping_status":"open","sticky":false,"template":"","format":"standard","meta":[],"categories":[1],"tags":[],"_links":{"self":[{"href":"http:\/\/gw3.xn--allesfralle-yhb.de\/index.php?rest_route=\/wp\/v2\/posts\/224"}],"collection":[{"href":"http:\/\/gw3.xn--allesfralle-yhb.de\/index.php?rest_route=\/wp\/v2\/posts"}],"about":[{"href":"http:\/\/gw3.xn--allesfralle-yhb.de\/index.php?rest_route=\/wp\/v2\/types\/post"}],"author":[{"embeddable":true,"href":"http:\/\/gw3.xn--allesfralle-yhb.de\/index.php?rest_route=\/wp\/v2\/users\/3"}],"replies":[{"embeddable":true,"href":"http:\/\/gw3.xn--allesfralle-yhb.de\/index.php?rest_route=%2Fwp%2Fv2%2Fcomments&post=224"}],"version-history":[{"count":1,"href":"http:\/\/gw3.xn--allesfralle-yhb.de\/index.php?rest_route=\/wp\/v2\/posts\/224\/revisions"}],"predecessor-version":[{"id":225,"href":"http:\/\/gw3.xn--allesfralle-yhb.de\/index.php?rest_route=\/wp\/v2\/posts\/224\/revisions\/225"}],"wp:attachment":[{"href":"http:\/\/gw3.xn--allesfralle-yhb.de\/index.php?rest_route=%2Fwp%2Fv2%2Fmedia&parent=224"}],"wp:term":[{"taxonomy":"category","embeddable":true,"href":"http:\/\/gw3.xn--allesfralle-yhb.de\/index.php?rest_route=%2Fwp%2Fv2%2Fcategories&post=224"},{"taxonomy":"post_tag","embeddable":true,"href":"http:\/\/gw3.xn--allesfralle-yhb.de\/index.php?rest_route=%2Fwp%2Fv2%2Ftags&post=224"}],"curies":[{"name":"wp","href":"https:\/\/api.w.org\/{rel}","templated":true}]}}