{"id":236,"date":"2010-05-12T17:56:49","date_gmt":"2010-05-12T16:56:49","guid":{"rendered":"http:\/\/gw3.xn--allesfralle-yhb.de\/?p=236"},"modified":"2010-05-12T17:56:49","modified_gmt":"2010-05-12T16:56:49","slug":"bau-ag-aktuelles","status":"publish","type":"post","link":"http:\/\/gw3.xn--allesfralle-yhb.de\/?p=236","title":{"rendered":"Bau-AG\/ Aktuelles"},"content":{"rendered":"<p>Die Bau-AG hat sich heute getroffen. Es wurde festgestellt, dass mehrere Fenster bzw. T\u00fcren quasi zum Abholen bereitstehen. Allerdings m\u00fcssen sich jetzt Leute finden, die das tun. Die Pl\u00e4ne sind fertig und beim Dez 4 eingereicht worden. Auch wenn die Baustelle noch nicht frei ist und das Fundament noch fehlt, sollten wir uns jetzt intensiv anfangen mit dem Bau zu besch\u00e4ftigen.<\/p>\n<p>Es gibt ein Angebot f\u00fcr eine Art &#8222;Schnell-Workshop&#8220; in Sachen Bauen, was wir auf jeden Fall nutzen sollten, denn wir brauchen mehrere Leute, die Plan davon haben, wie man Holz bearbeiten muss und wie man ein Grundger\u00fcst richtig aufbaut und so weiter.<\/p>\n<p><strong>Das n\u00e4chste gro\u00dfe Plenum ist am n\u00e4chsten Mittwoch, 19.05.2010 um 13:00 Uhr\u00a0 auf dem Boulevard-im Anschluss trifft sich die Bau-AG mit hoffentlich vielen neuen Mitglieder_innen!<\/strong><\/p>\n<p><strong>Bis denn!<br \/>\n<\/strong><\/p>\n","protected":false},"excerpt":{"rendered":"<p>Die Bau-AG hat sich heute getroffen. Es wurde festgestellt, dass mehrere Fenster bzw. T\u00fcren quasi zum Abholen bereitstehen. Allerdings m\u00fcssen sich jetzt Leute finden, die das tun. Die Pl\u00e4ne sind fertig und beim Dez 4 eingereicht worden. Auch wenn die Baustelle noch nicht frei ist und das Fundament noch fehlt, sollten wir uns jetzt intensiv [&hellip;]<\/p>\n","protected":false},"author":3,"featured_media":0,"comment_status":"open","ping_status":"open","sticky":false,"template":"","format":"standard","meta":[],"categories":[1],"tags":[],"_links":{"self":[{"href":"http:\/\/gw3.xn--allesfralle-yhb.de\/index.php?rest_route=\/wp\/v2\/posts\/236"}],"collection":[{"href":"http:\/\/gw3.xn--allesfralle-yhb.de\/index.php?rest_route=\/wp\/v2\/posts"}],"about":[{"href":"http:\/\/gw3.xn--allesfralle-yhb.de\/index.php?rest_route=\/wp\/v2\/types\/post"}],"author":[{"embeddable":true,"href":"http:\/\/gw3.xn--allesfralle-yhb.de\/index.php?rest_route=\/wp\/v2\/users\/3"}],"replies":[{"embeddable":true,"href":"http:\/\/gw3.xn--allesfralle-yhb.de\/index.php?rest_route=%2Fwp%2Fv2%2Fcomments&post=236"}],"version-history":[{"count":2,"href":"http:\/\/gw3.xn--allesfralle-yhb.de\/index.php?rest_route=\/wp\/v2\/posts\/236\/revisions"}],"predecessor-version":[{"id":238,"href":"http:\/\/gw3.xn--allesfralle-yhb.de\/index.php?rest_route=\/wp\/v2\/posts\/236\/revisions\/238"}],"wp:attachment":[{"href":"http:\/\/gw3.xn--allesfralle-yhb.de\/index.php?rest_route=%2Fwp%2Fv2%2Fmedia&parent=236"}],"wp:term":[{"taxonomy":"category","embeddable":true,"href":"http:\/\/gw3.xn--allesfralle-yhb.de\/index.php?rest_route=%2Fwp%2Fv2%2Fcategories&post=236"},{"taxonomy":"post_tag","embeddable":true,"href":"http:\/\/gw3.xn--allesfralle-yhb.de\/index.php?rest_route=%2Fwp%2Fv2%2Ftags&post=236"}],"curies":[{"name":"wp","href":"https:\/\/api.w.org\/{rel}","templated":true}]}}