{"id":244,"date":"2010-06-02T22:13:59","date_gmt":"2010-06-02T21:13:59","guid":{"rendered":"http:\/\/gw3.xn--allesfralle-yhb.de\/?p=244"},"modified":"2010-06-02T22:13:59","modified_gmt":"2010-06-02T21:13:59","slug":"das-neue-cafe-l%c2%b4astaire-ist-da","status":"publish","type":"post","link":"http:\/\/gw3.xn--allesfralle-yhb.de\/?p=244","title":{"rendered":"das neue Caf\u00e9-L\u00b4Astaire ist da!"},"content":{"rendered":"<p><span style=\"font-family: arial,helvetica,sans-serif; color: #000000;\"><span style=\"font-family: arial,helvetica,sans-serif; color: #000000;\"><strong><span style=\"font-size: medium; font-family: trebuchet ms,geneva;\">Komm ins neue Caf\u00e9!<br \/>\n<span style=\"font-size: large;\">Er\u00f6ffnung  Caf\u00e9 L\u00b4Astaire am Di, 8.6. um 14 Uhr<\/span><br \/>\nauf der Asta-Etage!<\/span><\/strong><\/p>\n<p><span style=\"font-size: small; font-family: trebuchet ms,geneva;\">Wir -die Caf\u00e9-AG- gestalteten das neue Caf\u00e9, um  einen gem\u00fctlichen und kommunikativen Raum im Uni-Alltag zu schaffen. Das  <strong>Caf\u00e9 L\u00b4Astaire<\/strong> ist unkommerziell und wird von allen Nutzer_innen  selbstverwaltet *<br \/>\n<span style=\"font-size: medium;\"><br \/>\n<strong>Mach mal Pause, koch dir n  Kaffee oder n Tee und triff Leute!<\/strong><\/span><\/p>\n<p>Schau doch einfach  am Dienstag, den 8.Juni um 14 Uhr vorbei, es gibt Kaffe, Tee, Kuchen,  Kekse, Musik und vieles mehr<\/p>\n<p><strong>Caf\u00e9 L\u00b4Astaire<\/strong> freut sich auf  dich!<\/p>\n<p>* selbstverwaltet hei\u00dft selbermachen und ist garnicht  schwierig.<\/span><\/span><\/span><\/p>\n","protected":false},"excerpt":{"rendered":"<p>Komm ins neue Caf\u00e9! Er\u00f6ffnung Caf\u00e9 L\u00b4Astaire am Di, 8.6. um 14 Uhr auf der Asta-Etage! Wir -die Caf\u00e9-AG- gestalteten das neue Caf\u00e9, um einen gem\u00fctlichen und kommunikativen Raum im Uni-Alltag zu schaffen. Das Caf\u00e9 L\u00b4Astaire ist unkommerziell und wird von allen Nutzer_innen selbstverwaltet * Mach mal Pause, koch dir n Kaffee oder n Tee [&hellip;]<\/p>\n","protected":false},"author":3,"featured_media":0,"comment_status":"open","ping_status":"open","sticky":false,"template":"","format":"standard","meta":[],"categories":[8],"tags":[],"_links":{"self":[{"href":"http:\/\/gw3.xn--allesfralle-yhb.de\/index.php?rest_route=\/wp\/v2\/posts\/244"}],"collection":[{"href":"http:\/\/gw3.xn--allesfralle-yhb.de\/index.php?rest_route=\/wp\/v2\/posts"}],"about":[{"href":"http:\/\/gw3.xn--allesfralle-yhb.de\/index.php?rest_route=\/wp\/v2\/types\/post"}],"author":[{"embeddable":true,"href":"http:\/\/gw3.xn--allesfralle-yhb.de\/index.php?rest_route=\/wp\/v2\/users\/3"}],"replies":[{"embeddable":true,"href":"http:\/\/gw3.xn--allesfralle-yhb.de\/index.php?rest_route=%2Fwp%2Fv2%2Fcomments&post=244"}],"version-history":[{"count":1,"href":"http:\/\/gw3.xn--allesfralle-yhb.de\/index.php?rest_route=\/wp\/v2\/posts\/244\/revisions"}],"predecessor-version":[{"id":245,"href":"http:\/\/gw3.xn--allesfralle-yhb.de\/index.php?rest_route=\/wp\/v2\/posts\/244\/revisions\/245"}],"wp:attachment":[{"href":"http:\/\/gw3.xn--allesfralle-yhb.de\/index.php?rest_route=%2Fwp%2Fv2%2Fmedia&parent=244"}],"wp:term":[{"taxonomy":"category","embeddable":true,"href":"http:\/\/gw3.xn--allesfralle-yhb.de\/index.php?rest_route=%2Fwp%2Fv2%2Fcategories&post=244"},{"taxonomy":"post_tag","embeddable":true,"href":"http:\/\/gw3.xn--allesfralle-yhb.de\/index.php?rest_route=%2Fwp%2Fv2%2Ftags&post=244"}],"curies":[{"name":"wp","href":"https:\/\/api.w.org\/{rel}","templated":true}]}}