{"id":246,"date":"2010-06-16T15:08:36","date_gmt":"2010-06-16T14:08:36","guid":{"rendered":"http:\/\/gw3.xn--allesfralle-yhb.de\/?p=246"},"modified":"2010-06-16T15:08:36","modified_gmt":"2010-06-16T14:08:36","slug":"die-grundpfeiler-sind-gehauen-aber-wo-sind-die-leute","status":"publish","type":"post","link":"http:\/\/gw3.xn--allesfralle-yhb.de\/?p=246","title":{"rendered":"Die Grundpfeiler sind gehauen, aber wo sind die Leute?"},"content":{"rendered":"<p>Die Grundpfeiler sind gesetzt!<\/p>\n<p>Liebe Freund_Innen des neuen GW3- Exils!<\/p>\n<p>Passend zum beginnenden Sommer, geht auch die neue Sonne auf dem Campus langsam auf.<br \/>\nWir haben heute die Grundpfeiler f\u00fcr das Fundament in den Boden gehauen und im Laufe der n\u00e4chsten Woche wird eine befreundete Baufirma dann auch anfangen es in den Boden zu stampfen. Das Fundament muss dann ein wenig aush\u00e4rten und wir werden dann anfangen m\u00fcssen Material zu besorgen.<br \/>\nTrotz Pr\u00fcfungen hoffen wir auf viele helfende H\u00e4nde und F\u00fc\u00dfe, denn momentan sitzen wir hier nur noch zu viert und wenn das so weiter geht, dann gibt es vielleicht ein Fundament im Park, aber kein Haus.<br \/>\nHei\u00dft im Klartext, dass trotz dieser freudigen Schritte heute, die neue H\u00fctte noch in weiter Ferne steht..wir wiederholen uns extra, weil wir schon frustriert sind, seit Wochen alleine versuchen neben all dem anderen Krams unsere Pl\u00e4ne zumindest nicht ganz aus dem Auge zu verlieren.<\/p>\n<p>Also, was steht an?!<br \/>\nAm Donnerstag wandert das GW3-Projekt nach Berlin und wird dort im Rahmen einer Veranstaltung von den K(r)\u00e4mpfen und Perspektiven erz\u00e4hlen.<\/p>\n<p>N\u00e4chste Woche wird das Holz berechnet, danach k\u00f6nnen wir eine detaillierte Materialliste erstellen.<br \/>\nABER: wir brauchen dringend noch T\u00fcren(am besten aus Glas) und Fenster in allen m\u00f6glichen Variationen! h\u00f6rt euch um und bunkert alles!!<\/p>\n<p>Am Mittwoch, den <strong>30.6. um 13h gibt es ein PLENUM<\/strong>, wo wir dann hoffentlich alles weitere koordinieren k\u00f6nnen. Kommt alle vorbei!<\/p>\n<p>Als kleine Vorschau: am <strong>14.7<\/strong>. wird es mit AGK einen <strong>Workshop zu Holzbearbeitung<\/strong> geben!! In diesem Zeitraum k\u00f6nnte es dann auch losgehen!!<\/p>\n<p>so, das f\u00fcrs erste, hoffentlich mit genug Motivation \ud83d\ude42<\/p>\n","protected":false},"excerpt":{"rendered":"<p>Die Grundpfeiler sind gesetzt! Liebe Freund_Innen des neuen GW3- Exils! Passend zum beginnenden Sommer, geht auch die neue Sonne auf dem Campus langsam auf. Wir haben heute die Grundpfeiler f\u00fcr das Fundament in den Boden gehauen und im Laufe der n\u00e4chsten Woche wird eine befreundete Baufirma dann auch anfangen es in den Boden zu stampfen. [&hellip;]<\/p>\n","protected":false},"author":3,"featured_media":0,"comment_status":"open","ping_status":"open","sticky":false,"template":"","format":"standard","meta":[],"categories":[1],"tags":[],"_links":{"self":[{"href":"http:\/\/gw3.xn--allesfralle-yhb.de\/index.php?rest_route=\/wp\/v2\/posts\/246"}],"collection":[{"href":"http:\/\/gw3.xn--allesfralle-yhb.de\/index.php?rest_route=\/wp\/v2\/posts"}],"about":[{"href":"http:\/\/gw3.xn--allesfralle-yhb.de\/index.php?rest_route=\/wp\/v2\/types\/post"}],"author":[{"embeddable":true,"href":"http:\/\/gw3.xn--allesfralle-yhb.de\/index.php?rest_route=\/wp\/v2\/users\/3"}],"replies":[{"embeddable":true,"href":"http:\/\/gw3.xn--allesfralle-yhb.de\/index.php?rest_route=%2Fwp%2Fv2%2Fcomments&post=246"}],"version-history":[{"count":1,"href":"http:\/\/gw3.xn--allesfralle-yhb.de\/index.php?rest_route=\/wp\/v2\/posts\/246\/revisions"}],"predecessor-version":[{"id":247,"href":"http:\/\/gw3.xn--allesfralle-yhb.de\/index.php?rest_route=\/wp\/v2\/posts\/246\/revisions\/247"}],"wp:attachment":[{"href":"http:\/\/gw3.xn--allesfralle-yhb.de\/index.php?rest_route=%2Fwp%2Fv2%2Fmedia&parent=246"}],"wp:term":[{"taxonomy":"category","embeddable":true,"href":"http:\/\/gw3.xn--allesfralle-yhb.de\/index.php?rest_route=%2Fwp%2Fv2%2Fcategories&post=246"},{"taxonomy":"post_tag","embeddable":true,"href":"http:\/\/gw3.xn--allesfralle-yhb.de\/index.php?rest_route=%2Fwp%2Fv2%2Ftags&post=246"}],"curies":[{"name":"wp","href":"https:\/\/api.w.org\/{rel}","templated":true}]}}