{"id":259,"date":"2010-08-25T16:51:53","date_gmt":"2010-08-25T15:51:53","guid":{"rendered":"http:\/\/gw3.xn--allesfralle-yhb.de\/?p=259"},"modified":"2010-08-25T16:51:53","modified_gmt":"2010-08-25T15:51:53","slug":"update","status":"publish","type":"post","link":"http:\/\/gw3.xn--allesfralle-yhb.de\/?p=259","title":{"rendered":"Update"},"content":{"rendered":"<p>So, durch die Verlagerung der Hauptkommunikation auf den neuen mail-Verteiler ist das Aktualisieren der Homepage in letzter zeit etwas auf der Strecke geblieben.<\/p>\n<p>Hier kommt jetzt ein \u00dcberblick \u00fcber die Momentane Situation und die Ank\u00fcndigung der n\u00e4chsten Termine:<\/p>\n<p>Bau sollte vor zwei Wochen beginnen, es gab aber Probleme mit der Holzbestellung und dadurch hat sich alles verz\u00f6ger.<\/p>\n<p>Gestern (23.08.) gab es einen Workshop zur Theorie der Holzbearbeitung und des Fachwerkbauens, es gibt also ein paar Leute, die schonmal ein wenig eingewiesen sind in das Bauhandwerk.<\/p>\n<p><strong>Das Holz kommt nun definitiv am n\u00e4chsten Montag, 30.08., und dann geht es mit der Holzbearbeitung und Vermessung los. Treffen ist um 10:00Uhr an der Baustelle.<\/strong><\/p>\n<p>Kommt zahlreich! Auch wenn vielleicht die meisten von euch noch keine Ahnung vom Zimmerer_innenhandwerk haben, sollte das keinen abschrecken, denn es gibt ja Menschen, die alles erkl\u00e4ren werden und so schwer ist das nicht \ud83d\ude09<\/p>\n<p>Eine Lehmquelle wurde bereits getestet, die Auswertung bez\u00fcglich der Nutzbarkeit steht noch aus.<\/p>\n<p>Details werden weiterhin \u00fcber den Verteiler kommuniziert, also tragt euch einfach da ein, wenn ihr auf dem Laufenden bleiben wollt.<\/p>\n<p>bis bald dann!<\/p>\n","protected":false},"excerpt":{"rendered":"<p>So, durch die Verlagerung der Hauptkommunikation auf den neuen mail-Verteiler ist das Aktualisieren der Homepage in letzter zeit etwas auf der Strecke geblieben. Hier kommt jetzt ein \u00dcberblick \u00fcber die Momentane Situation und die Ank\u00fcndigung der n\u00e4chsten Termine: Bau sollte vor zwei Wochen beginnen, es gab aber Probleme mit der Holzbestellung und dadurch hat sich [&hellip;]<\/p>\n","protected":false},"author":3,"featured_media":0,"comment_status":"open","ping_status":"open","sticky":false,"template":"","format":"standard","meta":[],"categories":[1],"tags":[],"_links":{"self":[{"href":"http:\/\/gw3.xn--allesfralle-yhb.de\/index.php?rest_route=\/wp\/v2\/posts\/259"}],"collection":[{"href":"http:\/\/gw3.xn--allesfralle-yhb.de\/index.php?rest_route=\/wp\/v2\/posts"}],"about":[{"href":"http:\/\/gw3.xn--allesfralle-yhb.de\/index.php?rest_route=\/wp\/v2\/types\/post"}],"author":[{"embeddable":true,"href":"http:\/\/gw3.xn--allesfralle-yhb.de\/index.php?rest_route=\/wp\/v2\/users\/3"}],"replies":[{"embeddable":true,"href":"http:\/\/gw3.xn--allesfralle-yhb.de\/index.php?rest_route=%2Fwp%2Fv2%2Fcomments&post=259"}],"version-history":[{"count":1,"href":"http:\/\/gw3.xn--allesfralle-yhb.de\/index.php?rest_route=\/wp\/v2\/posts\/259\/revisions"}],"predecessor-version":[{"id":260,"href":"http:\/\/gw3.xn--allesfralle-yhb.de\/index.php?rest_route=\/wp\/v2\/posts\/259\/revisions\/260"}],"wp:attachment":[{"href":"http:\/\/gw3.xn--allesfralle-yhb.de\/index.php?rest_route=%2Fwp%2Fv2%2Fmedia&parent=259"}],"wp:term":[{"taxonomy":"category","embeddable":true,"href":"http:\/\/gw3.xn--allesfralle-yhb.de\/index.php?rest_route=%2Fwp%2Fv2%2Fcategories&post=259"},{"taxonomy":"post_tag","embeddable":true,"href":"http:\/\/gw3.xn--allesfralle-yhb.de\/index.php?rest_route=%2Fwp%2Fv2%2Ftags&post=259"}],"curies":[{"name":"wp","href":"https:\/\/api.w.org\/{rel}","templated":true}]}}