{"id":265,"date":"2010-09-27T18:04:21","date_gmt":"2010-09-27T17:04:21","guid":{"rendered":"http:\/\/gw3.xn--allesfralle-yhb.de\/?p=265"},"modified":"2010-09-27T18:04:21","modified_gmt":"2010-09-27T17:04:21","slug":"verzogerungen","status":"publish","type":"post","link":"http:\/\/gw3.xn--allesfralle-yhb.de\/?p=265","title":{"rendered":"Verz\u00f6gerungen&#8230;"},"content":{"rendered":"<p><em>Ein kurzes Update:<\/em><\/p>\n<p>Da wir noch mit dem Anpassen der einzelnen Holzverbindungen besch\u00e4ftigt sind (und dies doch um einiges mehr Zeit in Anspruch nimmt, als erwartet), hat sich das Richtfest erstmal auf nicht n\u00e4her bestimmt verschoben.<\/p>\n<p>Wir gehen davon aus, Anfang Oktober richten zu k\u00f6nnen. Genaueres erfahrt ihr dann hier und \u00fcber den Verteiler.<\/p>\n","protected":false},"excerpt":{"rendered":"<p>Ein kurzes Update: Da wir noch mit dem Anpassen der einzelnen Holzverbindungen besch\u00e4ftigt sind (und dies doch um einiges mehr Zeit in Anspruch nimmt, als erwartet), hat sich das Richtfest erstmal auf nicht n\u00e4her bestimmt verschoben. Wir gehen davon aus, Anfang Oktober richten zu k\u00f6nnen. Genaueres erfahrt ihr dann hier und \u00fcber den Verteiler.<\/p>\n","protected":false},"author":3,"featured_media":0,"comment_status":"open","ping_status":"open","sticky":false,"template":"","format":"standard","meta":[],"categories":[1],"tags":[],"_links":{"self":[{"href":"http:\/\/gw3.xn--allesfralle-yhb.de\/index.php?rest_route=\/wp\/v2\/posts\/265"}],"collection":[{"href":"http:\/\/gw3.xn--allesfralle-yhb.de\/index.php?rest_route=\/wp\/v2\/posts"}],"about":[{"href":"http:\/\/gw3.xn--allesfralle-yhb.de\/index.php?rest_route=\/wp\/v2\/types\/post"}],"author":[{"embeddable":true,"href":"http:\/\/gw3.xn--allesfralle-yhb.de\/index.php?rest_route=\/wp\/v2\/users\/3"}],"replies":[{"embeddable":true,"href":"http:\/\/gw3.xn--allesfralle-yhb.de\/index.php?rest_route=%2Fwp%2Fv2%2Fcomments&post=265"}],"version-history":[{"count":1,"href":"http:\/\/gw3.xn--allesfralle-yhb.de\/index.php?rest_route=\/wp\/v2\/posts\/265\/revisions"}],"predecessor-version":[{"id":266,"href":"http:\/\/gw3.xn--allesfralle-yhb.de\/index.php?rest_route=\/wp\/v2\/posts\/265\/revisions\/266"}],"wp:attachment":[{"href":"http:\/\/gw3.xn--allesfralle-yhb.de\/index.php?rest_route=%2Fwp%2Fv2%2Fmedia&parent=265"}],"wp:term":[{"taxonomy":"category","embeddable":true,"href":"http:\/\/gw3.xn--allesfralle-yhb.de\/index.php?rest_route=%2Fwp%2Fv2%2Fcategories&post=265"},{"taxonomy":"post_tag","embeddable":true,"href":"http:\/\/gw3.xn--allesfralle-yhb.de\/index.php?rest_route=%2Fwp%2Fv2%2Ftags&post=265"}],"curies":[{"name":"wp","href":"https:\/\/api.w.org\/{rel}","templated":true}]}}