{"id":282,"date":"2011-04-06T15:29:16","date_gmt":"2011-04-06T14:29:16","guid":{"rendered":"http:\/\/gw3.xn--allesfralle-yhb.de\/?p=282"},"modified":"2011-04-06T15:29:16","modified_gmt":"2011-04-06T14:29:16","slug":"jetzt-gehts-los-einladung-zum-zukunftstreffen","status":"publish","type":"post","link":"http:\/\/gw3.xn--allesfralle-yhb.de\/?p=282","title":{"rendered":"Jetzt geht&#8217;s los! Einladung zum Zukunftstreffen"},"content":{"rendered":"<p>Das neue GW3 ist so gut wie fertig und mit dem neuen Jahr soll nun<br \/>\nauch endlich wieder neuer Schwung in das eint\u00f6nige (Uni)Leben kom-<br \/>\nmen.<br \/>\nNach einem Semester Bauzeit soll es im Fr\u00fchjahr nun endlich weiterge-<br \/>\nhen. P\u00fcnktlich zu Beginn des Sommersemesters wird der Lehm in die<br \/>\nFachen gebracht sein und die H\u00fctte am Uni-Mensa See in altem bunten<br \/>\nGlanz erstrahlen.<br \/>\n&#8230; und dann k\u00f6nnen wir diesen (Frei)Raum endlich wieder<br \/>\nf\u00fcr uns nutzen.<br \/>\nDamit dann aber auch wirklich wieder Leben in die H\u00fctte kommt, bedarf<br \/>\nes vieler toller Ideen und Nutzungspl\u00e4ne \u2013 seien es Filmabende,<br \/>\nkritische Veranstaltungen, diverse Workshops oder ein selbstverwaltetes<br \/>\neigenes Studi-Caf\u00e9 oder Parties \u2013 von Menschen, die Lust auf mehr haben als das, was der Uni-Alltag uns momentan bietet.<br \/>\nWir brauchen an der Uni Orte, um abzuschalten, durchzuatmen, nachzu-<br \/>\ndenken oder einfach nur um Freund_innen zu treffen und nett zu plau-<br \/>\nschen. In solch einem \u201eFreiraum\u201c besteht die M\u00f6glichkeit, gesellschaft-<br \/>\nliche Zw\u00e4nge und Normen zu durchbrechen. Nur so k\u00f6nnen wir neue<br \/>\nIdeen eines eigenen gemeinsamen solidarischen Miteinander entwickeln,<br \/>\nerfahren und nach au\u00dfen tragen.<br \/>\nHast du oder ihr Lust bekommen, bist motiviert und kannst es kaum<br \/>\nnoch erwarten? Dann bring dich ein, bau und gestalte mit und komm zu<br \/>\neinem ersten<\/p>\n<p><strong>Planungs- und Zukunftstreffen am 20. April, 18:30 <\/strong>Freiraum an der Hochschule Neustadtswall! (Eingang an der Mensa, Beschilderung folgen, Raum WKL107)<br \/>\nNutzen wir die M\u00f6glichkeit \u2013 schaffen wir uns unseren eigenen Raum.<\/p>\n<h1>&#8230;f\u00fcr ein sch\u00f6nes &amp; selbstbestimmtes Leben und Lernen&#8230;<\/h1>\n","protected":false},"excerpt":{"rendered":"<p>Das neue GW3 ist so gut wie fertig und mit dem neuen Jahr soll nun auch endlich wieder neuer Schwung in das eint\u00f6nige (Uni)Leben kom- men. Nach einem Semester Bauzeit soll es im Fr\u00fchjahr nun endlich weiterge- hen. P\u00fcnktlich zu Beginn des Sommersemesters wird der Lehm in die Fachen gebracht sein und die H\u00fctte am [&hellip;]<\/p>\n","protected":false},"author":3,"featured_media":0,"comment_status":"open","ping_status":"open","sticky":false,"template":"","format":"standard","meta":[],"categories":[1],"tags":[],"_links":{"self":[{"href":"http:\/\/gw3.xn--allesfralle-yhb.de\/index.php?rest_route=\/wp\/v2\/posts\/282"}],"collection":[{"href":"http:\/\/gw3.xn--allesfralle-yhb.de\/index.php?rest_route=\/wp\/v2\/posts"}],"about":[{"href":"http:\/\/gw3.xn--allesfralle-yhb.de\/index.php?rest_route=\/wp\/v2\/types\/post"}],"author":[{"embeddable":true,"href":"http:\/\/gw3.xn--allesfralle-yhb.de\/index.php?rest_route=\/wp\/v2\/users\/3"}],"replies":[{"embeddable":true,"href":"http:\/\/gw3.xn--allesfralle-yhb.de\/index.php?rest_route=%2Fwp%2Fv2%2Fcomments&post=282"}],"version-history":[{"count":2,"href":"http:\/\/gw3.xn--allesfralle-yhb.de\/index.php?rest_route=\/wp\/v2\/posts\/282\/revisions"}],"predecessor-version":[{"id":285,"href":"http:\/\/gw3.xn--allesfralle-yhb.de\/index.php?rest_route=\/wp\/v2\/posts\/282\/revisions\/285"}],"wp:attachment":[{"href":"http:\/\/gw3.xn--allesfralle-yhb.de\/index.php?rest_route=%2Fwp%2Fv2%2Fmedia&parent=282"}],"wp:term":[{"taxonomy":"category","embeddable":true,"href":"http:\/\/gw3.xn--allesfralle-yhb.de\/index.php?rest_route=%2Fwp%2Fv2%2Fcategories&post=282"},{"taxonomy":"post_tag","embeddable":true,"href":"http:\/\/gw3.xn--allesfralle-yhb.de\/index.php?rest_route=%2Fwp%2Fv2%2Ftags&post=282"}],"curies":[{"name":"wp","href":"https:\/\/api.w.org\/{rel}","templated":true}]}}