{"id":317,"date":"2013-03-27T20:10:54","date_gmt":"2013-03-27T19:10:54","guid":{"rendered":"http:\/\/gw3.xn--allesfralle-yhb.de\/?p=317"},"modified":"2013-03-27T20:10:54","modified_gmt":"2013-03-27T19:10:54","slug":"gw3-plenum-am-2-4-um-12-uhr","status":"publish","type":"post","link":"http:\/\/gw3.xn--allesfralle-yhb.de\/?p=317","title":{"rendered":"GW3-Plenum am 2.4 um 12 Uhr"},"content":{"rendered":"<p>Zu Beginn des Sommersemesters, am Dienstag den 2.4. um 12 Uhr, m\u00f6chten wir ein Plenum aller GW3-Nutzer_innen im GW3 einberufen.<\/p>\n<p>M\u00f6gliche Themenvorschl\u00e4ge sind u.a.:<\/p>\n<p>&#8211; Instandhaltung des GW3<br \/>\n&#8211; Nutzungsm\u00f6glichkeiten (v.a.f\u00fcr das kommende Sommersemester)<br \/>\n&#8211; Selbstverst\u00e4ndnis<\/p>\n<p>Selbstverst\u00e4ndlich sind weitere Ideen und Vorschl\u00e4ge erw\u00fcnscht&#8230;!<\/p>\n","protected":false},"excerpt":{"rendered":"<p>Zu Beginn des Sommersemesters, am Dienstag den 2.4. um 12 Uhr, m\u00f6chten wir ein Plenum aller GW3-Nutzer_innen im GW3 einberufen. M\u00f6gliche Themenvorschl\u00e4ge sind u.a.: &#8211; Instandhaltung des GW3 &#8211; Nutzungsm\u00f6glichkeiten (v.a.f\u00fcr das kommende Sommersemester) &#8211; Selbstverst\u00e4ndnis Selbstverst\u00e4ndlich sind weitere Ideen und Vorschl\u00e4ge erw\u00fcnscht&#8230;!<\/p>\n","protected":false},"author":3,"featured_media":0,"comment_status":"open","ping_status":"open","sticky":false,"template":"","format":"standard","meta":[],"categories":[1],"tags":[10],"_links":{"self":[{"href":"http:\/\/gw3.xn--allesfralle-yhb.de\/index.php?rest_route=\/wp\/v2\/posts\/317"}],"collection":[{"href":"http:\/\/gw3.xn--allesfralle-yhb.de\/index.php?rest_route=\/wp\/v2\/posts"}],"about":[{"href":"http:\/\/gw3.xn--allesfralle-yhb.de\/index.php?rest_route=\/wp\/v2\/types\/post"}],"author":[{"embeddable":true,"href":"http:\/\/gw3.xn--allesfralle-yhb.de\/index.php?rest_route=\/wp\/v2\/users\/3"}],"replies":[{"embeddable":true,"href":"http:\/\/gw3.xn--allesfralle-yhb.de\/index.php?rest_route=%2Fwp%2Fv2%2Fcomments&post=317"}],"version-history":[{"count":0,"href":"http:\/\/gw3.xn--allesfralle-yhb.de\/index.php?rest_route=\/wp\/v2\/posts\/317\/revisions"}],"wp:attachment":[{"href":"http:\/\/gw3.xn--allesfralle-yhb.de\/index.php?rest_route=%2Fwp%2Fv2%2Fmedia&parent=317"}],"wp:term":[{"taxonomy":"category","embeddable":true,"href":"http:\/\/gw3.xn--allesfralle-yhb.de\/index.php?rest_route=%2Fwp%2Fv2%2Fcategories&post=317"},{"taxonomy":"post_tag","embeddable":true,"href":"http:\/\/gw3.xn--allesfralle-yhb.de\/index.php?rest_route=%2Fwp%2Fv2%2Ftags&post=317"}],"curies":[{"name":"wp","href":"https:\/\/api.w.org\/{rel}","templated":true}]}}