{"id":330,"date":"2015-04-24T20:57:02","date_gmt":"2015-04-24T19:57:02","guid":{"rendered":"http:\/\/gw3.xn--allesfralle-yhb.de\/?p=330"},"modified":"2015-04-24T20:57:43","modified_gmt":"2015-04-24T19:57:43","slug":"termine-im-sommersemester-2015","status":"publish","type":"post","link":"http:\/\/gw3.xn--allesfralle-yhb.de\/?p=330","title":{"rendered":"Termine im Sommersemester 2015"},"content":{"rendered":"<p>Jeden Dienstag:<\/p>\n<p>11-14h \t\tK\u00fcfA*<br \/>\n11-14h\t\tGarten-AG<\/p>\n<p>Dienstag, 28.04.\t\t11-18h\tSoli-Getr\u00e4nke f\u00fcr das Sportamt<br \/>\nDienstag, 12.05\t\t     18h\tMusik (live): Georg T. Kruppa<\/p>\n","protected":false},"excerpt":{"rendered":"<p>Jeden Dienstag: 11-14h K\u00fcfA* 11-14h Garten-AG Dienstag, 28.04. 11-18h Soli-Getr\u00e4nke f\u00fcr das Sportamt Dienstag, 12.05 18h Musik (live): Georg T. Kruppa<\/p>\n","protected":false},"author":1,"featured_media":0,"comment_status":"open","ping_status":"open","sticky":false,"template":"","format":"standard","meta":[],"categories":[1],"tags":[],"_links":{"self":[{"href":"http:\/\/gw3.xn--allesfralle-yhb.de\/index.php?rest_route=\/wp\/v2\/posts\/330"}],"collection":[{"href":"http:\/\/gw3.xn--allesfralle-yhb.de\/index.php?rest_route=\/wp\/v2\/posts"}],"about":[{"href":"http:\/\/gw3.xn--allesfralle-yhb.de\/index.php?rest_route=\/wp\/v2\/types\/post"}],"author":[{"embeddable":true,"href":"http:\/\/gw3.xn--allesfralle-yhb.de\/index.php?rest_route=\/wp\/v2\/users\/1"}],"replies":[{"embeddable":true,"href":"http:\/\/gw3.xn--allesfralle-yhb.de\/index.php?rest_route=%2Fwp%2Fv2%2Fcomments&post=330"}],"version-history":[{"count":1,"href":"http:\/\/gw3.xn--allesfralle-yhb.de\/index.php?rest_route=\/wp\/v2\/posts\/330\/revisions"}],"predecessor-version":[{"id":331,"href":"http:\/\/gw3.xn--allesfralle-yhb.de\/index.php?rest_route=\/wp\/v2\/posts\/330\/revisions\/331"}],"wp:attachment":[{"href":"http:\/\/gw3.xn--allesfralle-yhb.de\/index.php?rest_route=%2Fwp%2Fv2%2Fmedia&parent=330"}],"wp:term":[{"taxonomy":"category","embeddable":true,"href":"http:\/\/gw3.xn--allesfralle-yhb.de\/index.php?rest_route=%2Fwp%2Fv2%2Fcategories&post=330"},{"taxonomy":"post_tag","embeddable":true,"href":"http:\/\/gw3.xn--allesfralle-yhb.de\/index.php?rest_route=%2Fwp%2Fv2%2Ftags&post=330"}],"curies":[{"name":"wp","href":"https:\/\/api.w.org\/{rel}","templated":true}]}}