{"id":333,"date":"2015-05-06T19:42:27","date_gmt":"2015-05-06T18:42:27","guid":{"rendered":"http:\/\/gw3.xn--allesfralle-yhb.de\/?p=333"},"modified":"2015-05-11T16:49:45","modified_gmt":"2015-05-11T15:49:45","slug":"dienstag-12-5-15-gw3-sommerfest-1","status":"publish","type":"post","link":"http:\/\/gw3.xn--allesfralle-yhb.de\/?p=333","title":{"rendered":"Dienstag, 12.5.15: GW3-Sommerfest #1"},"content":{"rendered":"<p><strong>Am Dienstag, 12. Mai, findet das erste Sommerfest des Jahres am GW3 statt! <\/strong><\/p>\n<p>Wir wollen gemeinsam mit euch einen traumhaften Tag verbringen: gemeinsam<br \/>\nessen, quatschen, basteln, malen und Kleider tauschen. Das Ganze ist eine<br \/>\nSoli-Veranstaltung f\u00fcr die <strong>Aktivist*innen des Hambacher Forsts<\/strong>, die uns ab 17:30h<br \/>\netwas \u00fcber ihre Erfahrungen berichten.<strong> <\/strong><\/p>\n<p><strong>(alle Infos unter: <a href=\"http:\/\/hambacherforst.blogsport.de\">hambacherforst.blogsport.de<\/a>)<\/p>\n<p>Nach der theoretischen Auseinandersetzung wird es dann wieder gem\u00fctlich: wir<br \/>\nwollen unseren neuen Grill einweihen Danach, ab 20h, beginnen die Konzerte<br \/>\nund die Party.<\/p>\n<p>Also mistet eure Kleiderschr\u00e4nke aus. Wir hoffen auf sonniges Wetter und viele<br \/>\nnette Menschen mit guter Laune.<\/p>\n<p><\/strong><\/p>\n<p><strong>Lassen wir es krachen!<\/strong><\/p>\n<p style=\"text-align: center;\"><strong>Programm:<\/strong><\/p>\n<p style=\"text-align: center;\"><strong>ab 11h<\/strong> schnibbeln und kochen f\u00fcr die k\u00fcfa<\/p>\n<p style=\"text-align: center;\"><strong>13h<\/strong> (vegane) k\u00fcfa (k\u00fcche f\u00fcr alle)<\/p>\n<p style=\"text-align: center;\"><strong>ab 15h<\/strong> kleidertausch mit kleiderdruck, Slackline, Musik aus der Box<\/p>\n<p style=\"text-align: center;\"><strong>17.30h <\/strong> vortrag &amp; diskussion zum hambacher forst<\/p>\n<p style=\"text-align: center;\"><strong>19h <\/strong>veganes grillen<\/p>\n<p style=\"text-align: center;\"><strong>ab 20h<\/strong> konzerte, mit Georg T. Kruppa, Busy Stou, Charlotte und\u00a0 Jannik Sohn<\/p>\n<p style=\"text-align: center;\">\n<p style=\"text-align: center;\">Den ganzen Tag lang werden Getr\u00e4nke gegen eine Soli-Spende bereitgestellt. Au\u00dferdem werden verschiedene Info-Materialien ausliegen.<\/p>\n<p style=\"text-align: center;\">\n","protected":false},"excerpt":{"rendered":"<p>Am Dienstag, 12. Mai, findet das erste Sommerfest des Jahres am GW3 statt! Wir wollen gemeinsam mit euch einen traumhaften Tag verbringen: gemeinsam essen, quatschen, basteln, malen und Kleider tauschen. Das Ganze ist eine Soli-Veranstaltung f\u00fcr die Aktivist*innen des Hambacher Forsts, die uns ab 17:30h etwas \u00fcber ihre Erfahrungen berichten. (alle Infos unter: hambacherforst.blogsport.de) Nach [&hellip;]<\/p>\n","protected":false},"author":3,"featured_media":0,"comment_status":"open","ping_status":"open","sticky":false,"template":"","format":"standard","meta":[],"categories":[1],"tags":[14],"_links":{"self":[{"href":"http:\/\/gw3.xn--allesfralle-yhb.de\/index.php?rest_route=\/wp\/v2\/posts\/333"}],"collection":[{"href":"http:\/\/gw3.xn--allesfralle-yhb.de\/index.php?rest_route=\/wp\/v2\/posts"}],"about":[{"href":"http:\/\/gw3.xn--allesfralle-yhb.de\/index.php?rest_route=\/wp\/v2\/types\/post"}],"author":[{"embeddable":true,"href":"http:\/\/gw3.xn--allesfralle-yhb.de\/index.php?rest_route=\/wp\/v2\/users\/3"}],"replies":[{"embeddable":true,"href":"http:\/\/gw3.xn--allesfralle-yhb.de\/index.php?rest_route=%2Fwp%2Fv2%2Fcomments&post=333"}],"version-history":[{"count":6,"href":"http:\/\/gw3.xn--allesfralle-yhb.de\/index.php?rest_route=\/wp\/v2\/posts\/333\/revisions"}],"predecessor-version":[{"id":347,"href":"http:\/\/gw3.xn--allesfralle-yhb.de\/index.php?rest_route=\/wp\/v2\/posts\/333\/revisions\/347"}],"wp:attachment":[{"href":"http:\/\/gw3.xn--allesfralle-yhb.de\/index.php?rest_route=%2Fwp%2Fv2%2Fmedia&parent=333"}],"wp:term":[{"taxonomy":"category","embeddable":true,"href":"http:\/\/gw3.xn--allesfralle-yhb.de\/index.php?rest_route=%2Fwp%2Fv2%2Fcategories&post=333"},{"taxonomy":"post_tag","embeddable":true,"href":"http:\/\/gw3.xn--allesfralle-yhb.de\/index.php?rest_route=%2Fwp%2Fv2%2Ftags&post=333"}],"curies":[{"name":"wp","href":"https:\/\/api.w.org\/{rel}","templated":true}]}}