{"id":85,"date":"2009-11-03T17:54:39","date_gmt":"2009-11-03T16:54:39","guid":{"rendered":"http:\/\/gw3.xn--allesfralle-yhb.de\/?p=85"},"modified":"2009-11-04T11:54:42","modified_gmt":"2009-11-04T10:54:42","slug":"hallo-liebe-gw3-widerstandler","status":"publish","type":"post","link":"http:\/\/gw3.xn--allesfralle-yhb.de\/?p=85","title":{"rendered":"Hallo liebe GW3-Widerst\u00e4ndler!!!"},"content":{"rendered":"<p>Nach leckerster Falafel in herbstlicher Sonne nun das Ergebnis unseres Plenums beziehungsweise die Berichte und Termine der einzelnen AGs:<\/p>\n<p>Verhandlungs-AG:<\/p>\n<p>F\u00fcr morgen steht ein Verhandlungstermin mit dem Rektorat an, es wurde im Konsens beschlossen, diesen \u00f6ffentlich abzuhalten.<br \/>\nUhrzeit: 16h (treffen ab 15h f\u00fcr vorbesprechungen)<br \/>\nOrt: GW3<\/p>\n<p>Vok\u00fc-AG:<\/p>\n<p>F\u00fcr n\u00e4chsten Dienstag ist wieder eine Vok\u00fc geplant. Dieser termin soll auch so langsam zur gewohnheit werden, dass hei\u00dft es spielt das alte Lied:<\/p>\n<p>MONTAG: 11h Einkaufen<br \/>\nDIENSTAG: ab 8h schnippeln und kochen<\/p>\n<p>12h30 VOK\u00dc!!!!<\/p>\n<p>angesichts des einbrechenden Winters ist es geplant auch sch\u00f6n warme Getr\u00e4nke zu servieren, dazu brauchen wir THERMOSKANNEN!!<br \/>\njeder der eine hat bringe sie doch mit!!<\/p>\n<p>tassen, becher und suppensch\u00fcsseln brauchen wir auch noch. die mensa ist da ein hervoragender lieferant- sch\u00f6n eintopf und auflauf essen!!<\/p>\n<p>ausserdem soll es vl bald vok\u00fc-aufkleber geben!!!<\/p>\n<p>Bau-AG:<\/p>\n<p>geplant sind Ofen, Briefkasten, Windschutzplane, ggf, Zaun und vorallem die Isolierung!!<br \/>\ndazu sind jegliche Materialien wie Matrazen, Bauschaum, Duschvorh\u00e4nge, &#8230;. wunderbar!!<br \/>\nSchaut also mal was bei euch, Mami und Papi, Freunden und Bekannten noch so auf dem Dachboden liegt!!<\/p>\n<p>die bau-ag trifft sich morgen MITTWOCH um 12h!!!<\/p>\n<p>Mobi-AG:<\/p>\n<p>lange Flyer sind fertig, Sticker im Druck, Veranstaltungen in Planung, Plakate kommen auch wieder!!(diesmal sollen sie h\u00e4ngen bleiben!!)<\/p>\n<p>wir brauchen unbedingt Menschen, die mit verteilen (mensa ist da super&#8230;) mehr dazu nach dem Treffen am donnerstag!<\/p>\n<p>wir treffen uns am DONNERSTAG um 12h!!!<\/p>\n<p>UND!! tatatata..es gibt eine Website: www.gw3.allesf\u00fcralle.de  !!!!!!!!<\/p>\n<p>N\u00c4XXT PLENUM ist kommenden Dienstag nach der Vok\u00fc!!!! 13h30!!!!!<\/p>\n<p>achja&#8230;morgen abend gibt es auch wieder einen netten FILM im asta!!!<\/p>\n<p>so far&#8230;..<\/p>\n","protected":false},"excerpt":{"rendered":"<p>Nach leckerster Falafel in herbstlicher Sonne nun das Ergebnis unseres Plenums beziehungsweise die Berichte und Termine der einzelnen AGs: Verhandlungs-AG: F\u00fcr morgen steht ein Verhandlungstermin mit dem Rektorat an, es wurde im Konsens beschlossen, diesen \u00f6ffentlich abzuhalten. Uhrzeit: 16h (treffen ab 15h f\u00fcr vorbesprechungen) Ort: GW3 Vok\u00fc-AG: F\u00fcr n\u00e4chsten Dienstag ist wieder eine Vok\u00fc geplant. [&hellip;]<\/p>\n","protected":false},"author":1,"featured_media":0,"comment_status":"open","ping_status":"open","sticky":false,"template":"","format":"standard","meta":[],"categories":[1],"tags":[],"_links":{"self":[{"href":"http:\/\/gw3.xn--allesfralle-yhb.de\/index.php?rest_route=\/wp\/v2\/posts\/85"}],"collection":[{"href":"http:\/\/gw3.xn--allesfralle-yhb.de\/index.php?rest_route=\/wp\/v2\/posts"}],"about":[{"href":"http:\/\/gw3.xn--allesfralle-yhb.de\/index.php?rest_route=\/wp\/v2\/types\/post"}],"author":[{"embeddable":true,"href":"http:\/\/gw3.xn--allesfralle-yhb.de\/index.php?rest_route=\/wp\/v2\/users\/1"}],"replies":[{"embeddable":true,"href":"http:\/\/gw3.xn--allesfralle-yhb.de\/index.php?rest_route=%2Fwp%2Fv2%2Fcomments&post=85"}],"version-history":[{"count":3,"href":"http:\/\/gw3.xn--allesfralle-yhb.de\/index.php?rest_route=\/wp\/v2\/posts\/85\/revisions"}],"predecessor-version":[{"id":86,"href":"http:\/\/gw3.xn--allesfralle-yhb.de\/index.php?rest_route=\/wp\/v2\/posts\/85\/revisions\/86"}],"wp:attachment":[{"href":"http:\/\/gw3.xn--allesfralle-yhb.de\/index.php?rest_route=%2Fwp%2Fv2%2Fmedia&parent=85"}],"wp:term":[{"taxonomy":"category","embeddable":true,"href":"http:\/\/gw3.xn--allesfralle-yhb.de\/index.php?rest_route=%2Fwp%2Fv2%2Fcategories&post=85"},{"taxonomy":"post_tag","embeddable":true,"href":"http:\/\/gw3.xn--allesfralle-yhb.de\/index.php?rest_route=%2Fwp%2Fv2%2Ftags&post=85"}],"curies":[{"name":"wp","href":"https:\/\/api.w.org\/{rel}","templated":true}]}}